{"id":852,"date":"2015-12-18T19:15:43","date_gmt":"2015-12-18T19:15:43","guid":{"rendered":"https:\/\/jmtwebsolutions.wordpress.com\/?p=852"},"modified":"2015-12-18T19:15:43","modified_gmt":"2015-12-18T19:15:43","slug":"lideres-mundiais-em-biologia-dizem-deviamos-permitir-a-edicao-do-gene-humano","status":"publish","type":"post","link":"https:\/\/jmtweb.net.br\/websites\/lideres-mundiais-em-biologia-dizem-deviamos-permitir-a-edicao-do-gene-humano\/","title":{"rendered":"L\u00edderes mundiais em biologia dizem: Deviamos permitir a edi\u00e7\u00e3o do gene humano."},"content":{"rendered":"<p><img data-attachment-id=\"853\" data-permalink=\"https:\/\/jmtweb.net.br\/websites\/lideres-mundiais-em-biologia-dizem-deviamos-permitir-a-edicao-do-gene-humano\/attachment\/5\/\" data-orig-file=\"https:\/\/i2.wp.com\/jmtweb.net.br\/websites\/wp-content\/uploads\/2015\/12\/5.jpg?fit=640%2C360&amp;ssl=1\" data-orig-size=\"640,360\" data-comments-opened=\"1\" data-image-meta=\"{&quot;aperture&quot;:&quot;0&quot;,&quot;credit&quot;:&quot;&quot;,&quot;camera&quot;:&quot;&quot;,&quot;caption&quot;:&quot;&quot;,&quot;created_timestamp&quot;:&quot;0&quot;,&quot;copyright&quot;:&quot;&quot;,&quot;focal_length&quot;:&quot;0&quot;,&quot;iso&quot;:&quot;0&quot;,&quot;shutter_speed&quot;:&quot;0&quot;,&quot;title&quot;:&quot;&quot;,&quot;orientation&quot;:&quot;0&quot;}\" data-image-title=\"5\" data-image-description=\"\" data-medium-file=\"https:\/\/i2.wp.com\/jmtweb.net.br\/websites\/wp-content\/uploads\/2015\/12\/5.jpg?fit=300%2C169&amp;ssl=1\" data-large-file=\"https:\/\/i2.wp.com\/jmtweb.net.br\/websites\/wp-content\/uploads\/2015\/12\/5.jpg?fit=525%2C295&amp;ssl=1\" decoding=\"async\" loading=\"lazy\" src=\"https:\/\/i2.wp.com\/jmtweb.net.br\/websites\/wp-content\/uploads\/2015\/12\/5.jpg?resize=460%2C259\" alt=\"5\" width=\"460\" height=\"259\" class=\"aligncenter size-full wp-image-853\" srcset=\"https:\/\/i2.wp.com\/jmtweb.net.br\/websites\/wp-content\/uploads\/2015\/12\/5.jpg?w=640&amp;ssl=1 640w, https:\/\/i2.wp.com\/jmtweb.net.br\/websites\/wp-content\/uploads\/2015\/12\/5.jpg?resize=300%2C169&amp;ssl=1 300w\" sizes=\"(max-width: 460px) 100vw, 460px\" data-recalc-dims=\"1\" \/><\/p>\n<p>Uma tecnologia controversia chamada CRISPR, que oferece uma maneira f\u00e1cil e precisa de cortar e colar partes de DNA dentro da celula de qualquer organismo, pegou o mundo desprevenido. J\u00e1 foi usada para alterar o DNA de humanos sem espectativa de nascimento, criando medos sobre seguran\u00e7a e edi\u00e7\u00e3o de genes em beb\u00eas. Muitos pesquisadores j\u00e1 pediram o banimento da pesquisa. Entretanto, dois cientistas que s\u00e3o pionerios na pesquisa, est\u00e3o contra este banimento. A quimica Jennifer Doudna da universidade da California, Berkeley, e o biologo George Church da escola de Medicina de Havard, argumentaram em dois recentes jornais importantes, que a moratoria neste momento da pesquisa iria arruinar importantes avan\u00e7os sobre as curas de doen\u00e7as geneticas. Em Dezembro, cientistas iram se reunir em Washington DC para discutir sobre esta pesquisa e seus avan\u00e7os.<br \/>\nVeja mais em: (Tradu\u00e7\u00e3o, visitado em 03\/12\/2015: http:\/\/www.businessinsider.com\/leading-biologists-say-we-should-allow-gene-editing-on-human-embryos-2015-11?nr_email_referer=1&amp;utm_content=ScienceSelect&amp;utm_medium=email&amp;utm_source=Sailthru&amp;utm_campaign=BI%20Science%202015-12-01&amp;utm_term=Science%20Select)<\/p>\n","protected":false},"excerpt":{"rendered":"<p>Uma tecnologia controversia chamada CRISPR, que oferece uma maneira f\u00e1cil e precisa de cortar e colar partes de DNA dentro da celula de qualquer organismo, pegou o mundo desprevenido. J\u00e1 foi usada para alterar o DNA de humanos sem espectativa de nascimento, criando medos sobre seguran\u00e7a e edi\u00e7\u00e3o de genes em beb\u00eas. Muitos pesquisadores j\u00e1 &hellip; <\/p>\n<p class=\"link-more\"><a href=\"https:\/\/jmtweb.net.br\/websites\/lideres-mundiais-em-biologia-dizem-deviamos-permitir-a-edicao-do-gene-humano\/\" class=\"more-link\">Continue lendo<span class=\"screen-reader-text\"> &#8220;L\u00edderes mundiais em biologia dizem: Deviamos permitir a edi\u00e7\u00e3o do gene humano.&#8221;<\/span><\/a><\/p>\n","protected":false},"author":2,"featured_media":0,"comment_status":"open","ping_status":"open","sticky":false,"template":"","format":"standard","meta":{"spay_email":"","jetpack_publicize_message":"","jetpack_is_tweetstorm":false},"categories":[3,14,26],"tags":[],"yoast_head":"<!-- This site is optimized with the Yoast SEO plugin v20.1 - https:\/\/yoast.com\/wordpress\/plugins\/seo\/ -->\r\n<title>L\u00edderes mundiais em biologia dizem: Deviamos permitir a edi\u00e7\u00e3o do gene humano. | JMT Cria\u00e7\u00e3o de Sites<\/title>\r\n<meta name=\"robots\" content=\"index, follow, max-snippet:-1, max-image-preview:large, max-video-preview:-1\" \/>\r\n<link rel=\"canonical\" href=\"https:\/\/jmtweb.net.br\/websites\/lideres-mundiais-em-biologia-dizem-deviamos-permitir-a-edicao-do-gene-humano\/\" \/>\r\n<meta property=\"og:locale\" content=\"pt_BR\" \/>\r\n<meta property=\"og:type\" content=\"article\" \/>\r\n<meta property=\"og:title\" content=\"L\u00edderes mundiais em biologia dizem: Deviamos permitir a edi\u00e7\u00e3o do gene humano. | JMT Cria\u00e7\u00e3o de Sites\" \/>\r\n<meta property=\"og:description\" content=\"Uma tecnologia controversia chamada CRISPR, que oferece uma maneira f\u00e1cil e precisa de cortar e colar partes de DNA dentro da celula de qualquer organismo, pegou o mundo desprevenido. J\u00e1 foi usada para alterar o DNA de humanos sem espectativa de nascimento, criando medos sobre seguran\u00e7a e edi\u00e7\u00e3o de genes em beb\u00eas. Muitos pesquisadores j\u00e1 &hellip; Continue lendo &quot;L\u00edderes mundiais em biologia dizem: Deviamos permitir a edi\u00e7\u00e3o do gene humano.&quot;\" \/>\r\n<meta property=\"og:url\" content=\"https:\/\/jmtweb.net.br\/websites\/lideres-mundiais-em-biologia-dizem-deviamos-permitir-a-edicao-do-gene-humano\/\" \/>\r\n<meta property=\"og:site_name\" content=\"JMT Cria\u00e7\u00e3o de Sites\" \/>\r\n<meta property=\"article:publisher\" content=\"https:\/\/www.facebook.com\/JMTWebsolutions\/\" \/>\r\n<meta property=\"article:published_time\" content=\"2015-12-18T19:15:43+00:00\" \/>\r\n<meta property=\"og:image\" content=\"http:\/\/jmtweb.net.br\/websites\/wp-content\/uploads\/2015\/12\/5.jpg\" \/>\r\n<meta name=\"author\" content=\"JMT Criacao de Sites\" \/>\r\n<meta name=\"twitter:card\" content=\"summary_large_image\" \/>\r\n<meta name=\"twitter:creator\" content=\"@jmtwebsolutions\" \/>\r\n<meta name=\"twitter:site\" content=\"@jmtwebsolutions\" \/>\r\n<meta name=\"twitter:label1\" content=\"Escrito por\" \/>\n\t<meta name=\"twitter:data1\" content=\"JMT Criacao de Sites\" \/>\n\t<meta name=\"twitter:label2\" content=\"Est. tempo de leitura\" \/>\n\t<meta name=\"twitter:data2\" content=\"1 minuto\" \/>\r\n<script type=\"application\/ld+json\" class=\"yoast-schema-graph\">{\"@context\":\"https:\/\/schema.org\",\"@graph\":[{\"@type\":\"Article\",\"@id\":\"https:\/\/jmtweb.net.br\/websites\/lideres-mundiais-em-biologia-dizem-deviamos-permitir-a-edicao-do-gene-humano\/#article\",\"isPartOf\":{\"@id\":\"https:\/\/jmtweb.net.br\/websites\/lideres-mundiais-em-biologia-dizem-deviamos-permitir-a-edicao-do-gene-humano\/\"},\"author\":{\"name\":\"JMT Criacao de Sites\",\"@id\":\"https:\/\/jmtweb.net.br\/websites\/#\/schema\/person\/28c4a357100a38bba0ebb7b210a489db\"},\"headline\":\"L\u00edderes mundiais em biologia dizem: Deviamos permitir a edi\u00e7\u00e3o do gene humano.\",\"datePublished\":\"2015-12-18T19:15:43+00:00\",\"dateModified\":\"2015-12-18T19:15:43+00:00\",\"mainEntityOfPage\":{\"@id\":\"https:\/\/jmtweb.net.br\/websites\/lideres-mundiais-em-biologia-dizem-deviamos-permitir-a-edicao-do-gene-humano\/\"},\"wordCount\":195,\"commentCount\":0,\"publisher\":{\"@id\":\"https:\/\/jmtweb.net.br\/websites\/#organization\"},\"articleSection\":[\"blogs\",\"Noticias\",\"Wordpress\"],\"inLanguage\":\"pt-BR\",\"potentialAction\":[{\"@type\":\"CommentAction\",\"name\":\"Comment\",\"target\":[\"https:\/\/jmtweb.net.br\/websites\/lideres-mundiais-em-biologia-dizem-deviamos-permitir-a-edicao-do-gene-humano\/#respond\"]}]},{\"@type\":\"WebPage\",\"@id\":\"https:\/\/jmtweb.net.br\/websites\/lideres-mundiais-em-biologia-dizem-deviamos-permitir-a-edicao-do-gene-humano\/\",\"url\":\"https:\/\/jmtweb.net.br\/websites\/lideres-mundiais-em-biologia-dizem-deviamos-permitir-a-edicao-do-gene-humano\/\",\"name\":\"L\u00edderes mundiais em biologia dizem: Deviamos permitir a edi\u00e7\u00e3o do gene humano. | JMT Cria\u00e7\u00e3o de Sites\",\"isPartOf\":{\"@id\":\"https:\/\/jmtweb.net.br\/websites\/#website\"},\"datePublished\":\"2015-12-18T19:15:43+00:00\",\"dateModified\":\"2015-12-18T19:15:43+00:00\",\"breadcrumb\":{\"@id\":\"https:\/\/jmtweb.net.br\/websites\/lideres-mundiais-em-biologia-dizem-deviamos-permitir-a-edicao-do-gene-humano\/#breadcrumb\"},\"inLanguage\":\"pt-BR\",\"potentialAction\":[{\"@type\":\"ReadAction\",\"target\":[\"https:\/\/jmtweb.net.br\/websites\/lideres-mundiais-em-biologia-dizem-deviamos-permitir-a-edicao-do-gene-humano\/\"]}]},{\"@type\":\"BreadcrumbList\",\"@id\":\"https:\/\/jmtweb.net.br\/websites\/lideres-mundiais-em-biologia-dizem-deviamos-permitir-a-edicao-do-gene-humano\/#breadcrumb\",\"itemListElement\":[{\"@type\":\"ListItem\",\"position\":1,\"name\":\"Home\",\"item\":\"https:\/\/jmtweb.net.br\/websites\/\"},{\"@type\":\"ListItem\",\"position\":2,\"name\":\"L\u00edderes mundiais em biologia dizem: Deviamos permitir a edi\u00e7\u00e3o do gene humano.\"}]},{\"@type\":\"WebSite\",\"@id\":\"https:\/\/jmtweb.net.br\/websites\/#website\",\"url\":\"https:\/\/jmtweb.net.br\/websites\/\",\"name\":\"JMT Cria\u00e7\u00e3o de Sites\",\"description\":\"Desenvolvimento de sistemas web\",\"publisher\":{\"@id\":\"https:\/\/jmtweb.net.br\/websites\/#organization\"},\"potentialAction\":[{\"@type\":\"SearchAction\",\"target\":{\"@type\":\"EntryPoint\",\"urlTemplate\":\"https:\/\/jmtweb.net.br\/websites\/?s={search_term_string}\"},\"query-input\":\"required name=search_term_string\"}],\"inLanguage\":\"pt-BR\"},{\"@type\":\"Organization\",\"@id\":\"https:\/\/jmtweb.net.br\/websites\/#organization\",\"name\":\"JMT Cria\u00e7\u00e3o de Sites\",\"url\":\"https:\/\/jmtweb.net.br\/websites\/\",\"logo\":{\"@type\":\"ImageObject\",\"inLanguage\":\"pt-BR\",\"@id\":\"https:\/\/jmtweb.net.br\/websites\/#\/schema\/logo\/image\/\",\"url\":\"https:\/\/i0.wp.com\/jmtweb.net.br\/websites\/wp-content\/uploads\/2017\/06\/logo.png?fit=500%2C500&ssl=1\",\"contentUrl\":\"https:\/\/i0.wp.com\/jmtweb.net.br\/websites\/wp-content\/uploads\/2017\/06\/logo.png?fit=500%2C500&ssl=1\",\"width\":500,\"height\":500,\"caption\":\"JMT Cria\u00e7\u00e3o de Sites\"},\"image\":{\"@id\":\"https:\/\/jmtweb.net.br\/websites\/#\/schema\/logo\/image\/\"},\"sameAs\":[\"https:\/\/www.facebook.com\/JMTWebsolutions\/\",\"https:\/\/twitter.com\/jmtwebsolutions\",\"https:\/\/www.linkedin.com\/company\/jmt-web-solutions\",\"https:\/\/www.youtube.com\/channel\/UCbf_7MVzEaTrZ-Bni9rs0Dw\"]},{\"@type\":\"Person\",\"@id\":\"https:\/\/jmtweb.net.br\/websites\/#\/schema\/person\/28c4a357100a38bba0ebb7b210a489db\",\"name\":\"JMT Criacao de Sites\",\"image\":{\"@type\":\"ImageObject\",\"inLanguage\":\"pt-BR\",\"@id\":\"https:\/\/jmtweb.net.br\/websites\/#\/schema\/person\/image\/\",\"url\":\"https:\/\/secure.gravatar.com\/avatar\/587eff10a81dc390c2a1066632639bf9?s=96&d=mm&r=g\",\"contentUrl\":\"https:\/\/secure.gravatar.com\/avatar\/587eff10a81dc390c2a1066632639bf9?s=96&d=mm&r=g\",\"caption\":\"JMT Criacao de Sites\"},\"sameAs\":[\"http:\/\/jmtweb.net.br\"],\"url\":\"https:\/\/jmtweb.net.br\/websites\/author\/jmt-criacao-de-sites\/\"}]}<\/script>\r\n<!-- \/ Yoast SEO plugin. -->","yoast_head_json":{"title":"L\u00edderes mundiais em biologia dizem: Deviamos permitir a edi\u00e7\u00e3o do gene humano. | JMT Cria\u00e7\u00e3o de Sites","robots":{"index":"index","follow":"follow","max-snippet":"max-snippet:-1","max-image-preview":"max-image-preview:large","max-video-preview":"max-video-preview:-1"},"canonical":"https:\/\/jmtweb.net.br\/websites\/lideres-mundiais-em-biologia-dizem-deviamos-permitir-a-edicao-do-gene-humano\/","og_locale":"pt_BR","og_type":"article","og_title":"L\u00edderes mundiais em biologia dizem: Deviamos permitir a edi\u00e7\u00e3o do gene humano. | JMT Cria\u00e7\u00e3o de Sites","og_description":"Uma tecnologia controversia chamada CRISPR, que oferece uma maneira f\u00e1cil e precisa de cortar e colar partes de DNA dentro da celula de qualquer organismo, pegou o mundo desprevenido. J\u00e1 foi usada para alterar o DNA de humanos sem espectativa de nascimento, criando medos sobre seguran\u00e7a e edi\u00e7\u00e3o de genes em beb\u00eas. Muitos pesquisadores j\u00e1 &hellip; Continue lendo \"L\u00edderes mundiais em biologia dizem: Deviamos permitir a edi\u00e7\u00e3o do gene humano.\"","og_url":"https:\/\/jmtweb.net.br\/websites\/lideres-mundiais-em-biologia-dizem-deviamos-permitir-a-edicao-do-gene-humano\/","og_site_name":"JMT Cria\u00e7\u00e3o de Sites","article_publisher":"https:\/\/www.facebook.com\/JMTWebsolutions\/","article_published_time":"2015-12-18T19:15:43+00:00","og_image":[{"url":"http:\/\/jmtweb.net.br\/websites\/wp-content\/uploads\/2015\/12\/5.jpg"}],"author":"JMT Criacao de Sites","twitter_card":"summary_large_image","twitter_creator":"@jmtwebsolutions","twitter_site":"@jmtwebsolutions","twitter_misc":{"Escrito por":"JMT Criacao de Sites","Est. tempo de leitura":"1 minuto"},"schema":{"@context":"https:\/\/schema.org","@graph":[{"@type":"Article","@id":"https:\/\/jmtweb.net.br\/websites\/lideres-mundiais-em-biologia-dizem-deviamos-permitir-a-edicao-do-gene-humano\/#article","isPartOf":{"@id":"https:\/\/jmtweb.net.br\/websites\/lideres-mundiais-em-biologia-dizem-deviamos-permitir-a-edicao-do-gene-humano\/"},"author":{"name":"JMT Criacao de Sites","@id":"https:\/\/jmtweb.net.br\/websites\/#\/schema\/person\/28c4a357100a38bba0ebb7b210a489db"},"headline":"L\u00edderes mundiais em biologia dizem: Deviamos permitir a edi\u00e7\u00e3o do gene humano.","datePublished":"2015-12-18T19:15:43+00:00","dateModified":"2015-12-18T19:15:43+00:00","mainEntityOfPage":{"@id":"https:\/\/jmtweb.net.br\/websites\/lideres-mundiais-em-biologia-dizem-deviamos-permitir-a-edicao-do-gene-humano\/"},"wordCount":195,"commentCount":0,"publisher":{"@id":"https:\/\/jmtweb.net.br\/websites\/#organization"},"articleSection":["blogs","Noticias","Wordpress"],"inLanguage":"pt-BR","potentialAction":[{"@type":"CommentAction","name":"Comment","target":["https:\/\/jmtweb.net.br\/websites\/lideres-mundiais-em-biologia-dizem-deviamos-permitir-a-edicao-do-gene-humano\/#respond"]}]},{"@type":"WebPage","@id":"https:\/\/jmtweb.net.br\/websites\/lideres-mundiais-em-biologia-dizem-deviamos-permitir-a-edicao-do-gene-humano\/","url":"https:\/\/jmtweb.net.br\/websites\/lideres-mundiais-em-biologia-dizem-deviamos-permitir-a-edicao-do-gene-humano\/","name":"L\u00edderes mundiais em biologia dizem: Deviamos permitir a edi\u00e7\u00e3o do gene humano. | JMT Cria\u00e7\u00e3o de Sites","isPartOf":{"@id":"https:\/\/jmtweb.net.br\/websites\/#website"},"datePublished":"2015-12-18T19:15:43+00:00","dateModified":"2015-12-18T19:15:43+00:00","breadcrumb":{"@id":"https:\/\/jmtweb.net.br\/websites\/lideres-mundiais-em-biologia-dizem-deviamos-permitir-a-edicao-do-gene-humano\/#breadcrumb"},"inLanguage":"pt-BR","potentialAction":[{"@type":"ReadAction","target":["https:\/\/jmtweb.net.br\/websites\/lideres-mundiais-em-biologia-dizem-deviamos-permitir-a-edicao-do-gene-humano\/"]}]},{"@type":"BreadcrumbList","@id":"https:\/\/jmtweb.net.br\/websites\/lideres-mundiais-em-biologia-dizem-deviamos-permitir-a-edicao-do-gene-humano\/#breadcrumb","itemListElement":[{"@type":"ListItem","position":1,"name":"Home","item":"https:\/\/jmtweb.net.br\/websites\/"},{"@type":"ListItem","position":2,"name":"L\u00edderes mundiais em biologia dizem: Deviamos permitir a edi\u00e7\u00e3o do gene humano."}]},{"@type":"WebSite","@id":"https:\/\/jmtweb.net.br\/websites\/#website","url":"https:\/\/jmtweb.net.br\/websites\/","name":"JMT Cria\u00e7\u00e3o de Sites","description":"Desenvolvimento de sistemas web","publisher":{"@id":"https:\/\/jmtweb.net.br\/websites\/#organization"},"potentialAction":[{"@type":"SearchAction","target":{"@type":"EntryPoint","urlTemplate":"https:\/\/jmtweb.net.br\/websites\/?s={search_term_string}"},"query-input":"required name=search_term_string"}],"inLanguage":"pt-BR"},{"@type":"Organization","@id":"https:\/\/jmtweb.net.br\/websites\/#organization","name":"JMT Cria\u00e7\u00e3o de Sites","url":"https:\/\/jmtweb.net.br\/websites\/","logo":{"@type":"ImageObject","inLanguage":"pt-BR","@id":"https:\/\/jmtweb.net.br\/websites\/#\/schema\/logo\/image\/","url":"https:\/\/i0.wp.com\/jmtweb.net.br\/websites\/wp-content\/uploads\/2017\/06\/logo.png?fit=500%2C500&ssl=1","contentUrl":"https:\/\/i0.wp.com\/jmtweb.net.br\/websites\/wp-content\/uploads\/2017\/06\/logo.png?fit=500%2C500&ssl=1","width":500,"height":500,"caption":"JMT Cria\u00e7\u00e3o de Sites"},"image":{"@id":"https:\/\/jmtweb.net.br\/websites\/#\/schema\/logo\/image\/"},"sameAs":["https:\/\/www.facebook.com\/JMTWebsolutions\/","https:\/\/twitter.com\/jmtwebsolutions","https:\/\/www.linkedin.com\/company\/jmt-web-solutions","https:\/\/www.youtube.com\/channel\/UCbf_7MVzEaTrZ-Bni9rs0Dw"]},{"@type":"Person","@id":"https:\/\/jmtweb.net.br\/websites\/#\/schema\/person\/28c4a357100a38bba0ebb7b210a489db","name":"JMT Criacao de Sites","image":{"@type":"ImageObject","inLanguage":"pt-BR","@id":"https:\/\/jmtweb.net.br\/websites\/#\/schema\/person\/image\/","url":"https:\/\/secure.gravatar.com\/avatar\/587eff10a81dc390c2a1066632639bf9?s=96&d=mm&r=g","contentUrl":"https:\/\/secure.gravatar.com\/avatar\/587eff10a81dc390c2a1066632639bf9?s=96&d=mm&r=g","caption":"JMT Criacao de Sites"},"sameAs":["http:\/\/jmtweb.net.br"],"url":"https:\/\/jmtweb.net.br\/websites\/author\/jmt-criacao-de-sites\/"}]}},"jetpack_featured_media_url":"","jetpack_publicize_connections":[],"jetpack_sharing_enabled":true,"jetpack_shortlink":"https:\/\/wp.me\/p9cz9S-dK","jetpack_likes_enabled":true,"jetpack-related-posts":[{"id":365,"url":"https:\/\/jmtweb.net.br\/websites\/pesquisa-da-comscore-mostra-orkut-ainda-lider-no-brasil\/","url_meta":{"origin":852,"position":0},"title":"Pesquisa da comScore mostra Orkut ainda l\u00edder no Brasil","date":"17 de setembro de 2011","format":false,"excerpt":"Ismael Cardoso Menos de uma semana depois de o Ibope\u00a0divulgar sua mais recente pesquisa de audi\u00eancia de internet afirmando que o Facebook\u00a0ultrapassou o n\u00famero de usu\u00e1rios do Orkut\u00a0no Pa\u00eds, a comScore\u00a0lan\u00e7ou na quinta-feira novos dados que apontam o contr\u00e1rio. Segundo a empresa de pesquisa, mesmo que o Facebook\u00a0tenha diminu\u00eddo a\u2026","rel":"","context":"Em &quot;Facebook&quot;","img":{"alt_text":"Pesquisa da comScore mostra Orkut ainda l\u00c3\u00adder no Brasil","src":"https:\/\/i2.wp.com\/jmtweb.net.br\/websites\/wp-content\/uploads\/2011\/09\/orkut-facebook.jpg?resize=350%2C200","width":350,"height":200},"classes":[]},{"id":380,"url":"https:\/\/jmtweb.net.br\/websites\/o-novo-consumidor-na-era-da-redes-sociais\/","url_meta":{"origin":852,"position":1},"title":"O novo consumidor na era da redes sociais","date":"22 de setembro de 2011","format":false,"excerpt":"Por Cl\u00e1udio Conz 22\/09\/2011 \u00c9 uma preocupa\u00e7\u00e3o constante do Conselho de Desenvolvimento Econ\u00f4mico e Social discutir os novos meios de comunica\u00e7\u00e3o e a inclus\u00e3o digital no Brasil \u00c9 uma preocupa\u00e7\u00e3o constante do Conselho de Desenvolvimento Econ\u00f4mico e Social da Presid\u00eancia da Rep\u00fablica, \u00f3rg\u00e3o do qual fa\u00e7o parte, discutir os novos\u2026","rel":"","context":"Em &quot;Clientes&quot;","img":{"alt_text":"O novo consumidor na era das redes sociais.","src":"https:\/\/i2.wp.com\/jmtweb.net.br\/websites\/wp-content\/uploads\/2011\/09\/dinero_redes_sociais.jpg?resize=350%2C200","width":350,"height":200},"classes":[]},{"id":439,"url":"https:\/\/jmtweb.net.br\/websites\/twitter-vai-ajustar-seu-censor-de-acordo-com-o-pais\/","url_meta":{"origin":852,"position":2},"title":"Twitter vai ajustar seu \u2018censor\u2019 de acordo com o pa\u00eds","date":"28 de janeiro de 2012","format":false,"excerpt":"O microblog Twitter anunciou nesta sexta-feira um mecanismo que ir\u00e1 bloquear algumas mensagens, de maneira seletiva, levando em conta o pa\u00eds em que elas podem ser exibidas. Em seu blog, a empresa anunciou que poderia \"reter conte\u00fado de usu\u00e1rios de um pa\u00eds espec\u00edfico\". Mas disse tamb\u00e9m que o que for\u2026","rel":"","context":"Em &quot;P\u00e1ginas WEB&quot;","img":{"alt_text":"Twitter vai ajustar seu \u00e2\u0080\u0098censor\u00e2\u0080\u0099 de acordo com o pa\u00c3\u00ads","src":"https:\/\/i1.wp.com\/www.clasesdeperiodismo.com\/wp-content\/uploads\/2012\/01\/censura-twitter.jpg?resize=350%2C200","width":350,"height":200},"classes":[]},{"id":776,"url":"https:\/\/jmtweb.net.br\/websites\/pedir-ao-google-para-rastrear-uma-pagina\/","url_meta":{"origin":852,"position":3},"title":"Pedir ao Google para rastrear uma p\u00e1gina","date":"5 de maio de 2014","format":false,"excerpt":"Para pedir ao Google que rastreie um URL em um site que n\u00e3o \u00e9 seu, visite\u00a0https:\/\/www.google.com\/webmasters\/tools\/submit-url\/. No entanto, se o site for seu, recomendamos que voc\u00ea siga o processo abaixo. Pe\u00e7a ao Google para indexar uma p\u00e1gina ou um site: Na p\u00e1gina inicial das Ferramentas do Google para webmasters, clique\u2026","rel":"","context":"Em &quot;Dicas&quot;","img":{"alt_text":"","src":"","width":0,"height":0},"classes":[]},{"id":773,"url":"https:\/\/jmtweb.net.br\/websites\/como-rejeitar-links-de-outras-paginas-e-facil\/","url_meta":{"origin":852,"position":4},"title":"Como rejeitar links de outras p\u00e1ginas?","date":"29 de abril de 2014","format":false,"excerpt":"O Google n\u00e3o gosta\u00a0de sites e blogs que tentem manipular os resultados das buscas utilizando t\u00e9cnicas proibidas. Podemos ver os links que apontam a nossa p\u00e1gina acessando nas ferramentas para webmasters de google: Ferramentas para webmasters > Trafego de pesquisa > Links para o seu site Apois\u00a0analisar os backlinks do\u2026","rel":"","context":"Em &quot;Denuncias&quot;","img":{"alt_text":"","src":"","width":0,"height":0},"classes":[]},{"id":358,"url":"https:\/\/jmtweb.net.br\/websites\/10-passos-para-o-facebook\/","url_meta":{"origin":852,"position":5},"title":"10 passos para o Facebook se tornar fen\u00f4meno no Brasil","date":"16 de setembro de 2011","format":false,"excerpt":"Wikerson Landim Nesta semana, o instituto de pesquisas Ibope Nielsen divulgou uma s\u00e9rie de dados sobre o uso de internet no Brasil. Entre os quesitos pesquisados, uma informa\u00e7\u00e3o em especial chamou a aten\u00e7\u00e3o. Quando o assunto \u00e9 rede social, o Orkut j\u00e1 n\u00e3o \u00e9 mais o site preferido dos brasileiros.\u2026","rel":"","context":"Em &quot;Dicas&quot;","img":{"alt_text":"Facebook: veja 10 passos para rede se tornar fen\u00c3\u00b4meno no Brasil","src":"https:\/\/i1.wp.com\/www.guiadeniteroi.com\/uploads\/geecktec_filemanager\/facebook_brasil.jpg?resize=350%2C200","width":350,"height":200},"classes":[]}],"_links":{"self":[{"href":"https:\/\/jmtweb.net.br\/websites\/wp-json\/wp\/v2\/posts\/852"}],"collection":[{"href":"https:\/\/jmtweb.net.br\/websites\/wp-json\/wp\/v2\/posts"}],"about":[{"href":"https:\/\/jmtweb.net.br\/websites\/wp-json\/wp\/v2\/types\/post"}],"author":[{"embeddable":true,"href":"https:\/\/jmtweb.net.br\/websites\/wp-json\/wp\/v2\/users\/2"}],"replies":[{"embeddable":true,"href":"https:\/\/jmtweb.net.br\/websites\/wp-json\/wp\/v2\/comments?post=852"}],"version-history":[{"count":0,"href":"https:\/\/jmtweb.net.br\/websites\/wp-json\/wp\/v2\/posts\/852\/revisions"}],"wp:attachment":[{"href":"https:\/\/jmtweb.net.br\/websites\/wp-json\/wp\/v2\/media?parent=852"}],"wp:term":[{"taxonomy":"category","embeddable":true,"href":"https:\/\/jmtweb.net.br\/websites\/wp-json\/wp\/v2\/categories?post=852"},{"taxonomy":"post_tag","embeddable":true,"href":"https:\/\/jmtweb.net.br\/websites\/wp-json\/wp\/v2\/tags?post=852"}],"curies":[{"name":"wp","href":"https:\/\/api.w.org\/{rel}","templated":true}]}}