{"id":376,"date":"2011-09-21T01:15:31","date_gmt":"2011-09-21T01:15:31","guid":{"rendered":"http:\/\/jmtwebsolutions.wordpress.com\/?p=376"},"modified":"2011-09-21T01:15:31","modified_gmt":"2011-09-21T01:15:31","slug":"facebook-ira-lancar-servico-para-socializar-musica-e-filme","status":"publish","type":"post","link":"https:\/\/jmtweb.net.br\/websites\/facebook-ira-lancar-servico-para-socializar-musica-e-filme\/","title":{"rendered":"Facebook ir\u00e1 lan\u00e7ar servi\u00e7o para socializar m\u00fasica e filme"},"content":{"rendered":"<div id=\"HOTWordsTxt\">\n<p>O <strong>Facebook<\/strong> dever\u00e1 apresentar na pr\u00f3xima quinta-feira uma nova plataforma de compartilhamento de m\u00eddia que permitir\u00e1 que seus usu\u00e1rios disponibilizem m\u00fasicas, filmes e seriados a seus amigos da rede social, informa o jornal New York Times.<\/p>\n<p>A novidade, que dever\u00e1 concorrer com servi\u00e7os como Spotfy e Rhapsody, entre tantos outros, dever\u00e1 ser anunciada durante a confer\u00eancia F8, marcada para come\u00e7ar em San Francisco no pr\u00f3ximo dia 22.<\/p>\n<div id=\"attachment_77524\"><img decoding=\"async\" loading=\"lazy\" class=\"alignright\" title=\"Mark Zuckerberg\" src=\"https:\/\/i2.wp.com\/st2.tecnoblog.net\/wp-content\/uploads\/2011\/09\/zuckerberg.jpg?resize=220%2C220\" alt=\"\" width=\"220\" height=\"220\" data-recalc-dims=\"1\" \/>MySpace que se cuide. Quer dizer&#8230;<\/p>\n<\/div>\n<p>Segundo a publica\u00e7\u00e3o, ao disponibilizar um servi\u00e7o de compartilhamento de m\u00fasica aos 750 milh\u00f5es de usu\u00e1rios da rede social dever\u00e1 introduzir a m\u00fasica digital \u201ca uma vasta grande audi\u00eancia\u201d. \u201cSe este servi\u00e7o funcionar da maneira que ele foi planejado ser\u00e1 o nirvana da interoperabilidade\u201c, disse Ted Cohen, consultor com passagens pelos principais est\u00fadios dos EUA.<\/p>\n<p>De acordo com alguns especialistas da ind\u00fastria, o Facebook j\u00e1 firmou contratos com \u201cdiversas companhias de m\u00eddia\u201d para oferecer seu conte\u00fado, al\u00e9m de estar desenvolvendo tecnologias para permitir que seus usu\u00e1rios compartilhem qualquer coisa que estejam assistindo ou ouvindo em outros sites ou dispositivos.<\/p>\n<p>Se os rumores se confirmarem, o Facebook entrar\u00e1 no mercado de m\u00fasica sob demanda na rede j\u00e1 desfrutando de uma confort\u00e1vel posi\u00e7\u00e3o de l\u00edder \u2013 milhas e milhas \u00e0 frente de seu maior concorrente, j\u00e1 que o Spotfy, servi\u00e7o mais usado da atualidade, tem cerca de 10 milh\u00f5es de usu\u00e1rios ativos.<\/p>\n<p>Ainda n\u00e3o se sabe qual ser\u00e1 o modelo de neg\u00f3cio da nova funcionalidade da rede, incluindo se existir\u00e3o planos pagos ou coisa parecida. Aos interessados, calma: mais dois dias e as d\u00favidas ser\u00e3o sanadas.<\/p>\n<p>fonte: <a href=\"http:\/\/tecnoblog.net\/\">http:\/\/tecnoblog.net<\/a><\/p>\n<\/div>\n","protected":false},"excerpt":{"rendered":"<p>O Facebook dever\u00e1 apresentar na pr\u00f3xima quinta-feira uma nova plataforma de compartilhamento de m\u00eddia que permitir\u00e1 que seus usu\u00e1rios disponibilizem m\u00fasicas, filmes e seriados a seus amigos da rede social, informa o jornal New York Times. A novidade, que dever\u00e1 concorrer com servi\u00e7os como Spotfy e Rhapsody, entre tantos outros, dever\u00e1 ser anunciada durante a &hellip; <\/p>\n<p class=\"link-more\"><a href=\"https:\/\/jmtweb.net.br\/websites\/facebook-ira-lancar-servico-para-socializar-musica-e-filme\/\" class=\"more-link\">Continue lendo<span class=\"screen-reader-text\"> &#8220;Facebook ir\u00e1 lan\u00e7ar servi\u00e7o para socializar m\u00fasica e filme&#8221;<\/span><\/a><\/p>\n","protected":false},"author":2,"featured_media":0,"comment_status":"open","ping_status":"open","sticky":false,"template":"","format":"standard","meta":{"spay_email":"","jetpack_publicize_message":"","jetpack_is_tweetstorm":false},"categories":[10,18],"tags":[53,74,102,114],"yoast_head":"<!-- This site is optimized with the Yoast SEO plugin v20.1 - https:\/\/yoast.com\/wordpress\/plugins\/seo\/ -->\r\n<title>Facebook ir\u00e1 lan\u00e7ar servi\u00e7o para socializar m\u00fasica e filme | JMT Cria\u00e7\u00e3o de Sites<\/title>\r\n<meta name=\"robots\" content=\"index, follow, max-snippet:-1, max-image-preview:large, max-video-preview:-1\" \/>\r\n<link rel=\"canonical\" href=\"https:\/\/jmtweb.net.br\/websites\/facebook-ira-lancar-servico-para-socializar-musica-e-filme\/\" \/>\r\n<meta property=\"og:locale\" content=\"pt_BR\" \/>\r\n<meta property=\"og:type\" content=\"article\" \/>\r\n<meta property=\"og:title\" content=\"Facebook ir\u00e1 lan\u00e7ar servi\u00e7o para socializar m\u00fasica e filme | JMT Cria\u00e7\u00e3o de Sites\" \/>\r\n<meta property=\"og:description\" content=\"O Facebook dever\u00e1 apresentar na pr\u00f3xima quinta-feira uma nova plataforma de compartilhamento de m\u00eddia que permitir\u00e1 que seus usu\u00e1rios disponibilizem m\u00fasicas, filmes e seriados a seus amigos da rede social, informa o jornal New York Times. A novidade, que dever\u00e1 concorrer com servi\u00e7os como Spotfy e Rhapsody, entre tantos outros, dever\u00e1 ser anunciada durante a &hellip; Continue lendo &quot;Facebook ir\u00e1 lan\u00e7ar servi\u00e7o para socializar m\u00fasica e filme&quot;\" \/>\r\n<meta property=\"og:url\" content=\"https:\/\/jmtweb.net.br\/websites\/facebook-ira-lancar-servico-para-socializar-musica-e-filme\/\" \/>\r\n<meta property=\"og:site_name\" content=\"JMT Cria\u00e7\u00e3o de Sites\" \/>\r\n<meta property=\"article:publisher\" content=\"https:\/\/www.facebook.com\/JMTWebsolutions\/\" \/>\r\n<meta property=\"article:published_time\" content=\"2011-09-21T01:15:31+00:00\" \/>\r\n<meta property=\"og:image\" content=\"http:\/\/st2.tecnoblog.net\/wp-content\/uploads\/2011\/09\/zuckerberg.jpg\" \/>\r\n<meta name=\"author\" content=\"JMT Criacao de Sites\" \/>\r\n<meta name=\"twitter:card\" content=\"summary_large_image\" \/>\r\n<meta name=\"twitter:creator\" content=\"@jmtwebsolutions\" \/>\r\n<meta name=\"twitter:site\" content=\"@jmtwebsolutions\" \/>\r\n<meta name=\"twitter:label1\" content=\"Escrito por\" \/>\n\t<meta name=\"twitter:data1\" content=\"JMT Criacao de Sites\" \/>\n\t<meta name=\"twitter:label2\" content=\"Est. tempo de leitura\" \/>\n\t<meta name=\"twitter:data2\" content=\"1 minuto\" \/>\r\n<script type=\"application\/ld+json\" class=\"yoast-schema-graph\">{\"@context\":\"https:\/\/schema.org\",\"@graph\":[{\"@type\":\"Article\",\"@id\":\"https:\/\/jmtweb.net.br\/websites\/facebook-ira-lancar-servico-para-socializar-musica-e-filme\/#article\",\"isPartOf\":{\"@id\":\"https:\/\/jmtweb.net.br\/websites\/facebook-ira-lancar-servico-para-socializar-musica-e-filme\/\"},\"author\":{\"name\":\"JMT Criacao de Sites\",\"@id\":\"https:\/\/jmtweb.net.br\/websites\/#\/schema\/person\/28c4a357100a38bba0ebb7b210a489db\"},\"headline\":\"Facebook ir\u00e1 lan\u00e7ar servi\u00e7o para socializar m\u00fasica e filme\",\"datePublished\":\"2011-09-21T01:15:31+00:00\",\"dateModified\":\"2011-09-21T01:15:31+00:00\",\"mainEntityOfPage\":{\"@id\":\"https:\/\/jmtweb.net.br\/websites\/facebook-ira-lancar-servico-para-socializar-musica-e-filme\/\"},\"wordCount\":302,\"commentCount\":0,\"publisher\":{\"@id\":\"https:\/\/jmtweb.net.br\/websites\/#organization\"},\"keywords\":[\"compartilhar\",\"facebook\",\"m\u00fasica\",\"Noticias\"],\"articleSection\":[\"Facebook\",\"Redes Sociais\"],\"inLanguage\":\"pt-BR\",\"potentialAction\":[{\"@type\":\"CommentAction\",\"name\":\"Comment\",\"target\":[\"https:\/\/jmtweb.net.br\/websites\/facebook-ira-lancar-servico-para-socializar-musica-e-filme\/#respond\"]}]},{\"@type\":\"WebPage\",\"@id\":\"https:\/\/jmtweb.net.br\/websites\/facebook-ira-lancar-servico-para-socializar-musica-e-filme\/\",\"url\":\"https:\/\/jmtweb.net.br\/websites\/facebook-ira-lancar-servico-para-socializar-musica-e-filme\/\",\"name\":\"Facebook ir\u00e1 lan\u00e7ar servi\u00e7o para socializar m\u00fasica e filme | JMT Cria\u00e7\u00e3o de Sites\",\"isPartOf\":{\"@id\":\"https:\/\/jmtweb.net.br\/websites\/#website\"},\"datePublished\":\"2011-09-21T01:15:31+00:00\",\"dateModified\":\"2011-09-21T01:15:31+00:00\",\"breadcrumb\":{\"@id\":\"https:\/\/jmtweb.net.br\/websites\/facebook-ira-lancar-servico-para-socializar-musica-e-filme\/#breadcrumb\"},\"inLanguage\":\"pt-BR\",\"potentialAction\":[{\"@type\":\"ReadAction\",\"target\":[\"https:\/\/jmtweb.net.br\/websites\/facebook-ira-lancar-servico-para-socializar-musica-e-filme\/\"]}]},{\"@type\":\"BreadcrumbList\",\"@id\":\"https:\/\/jmtweb.net.br\/websites\/facebook-ira-lancar-servico-para-socializar-musica-e-filme\/#breadcrumb\",\"itemListElement\":[{\"@type\":\"ListItem\",\"position\":1,\"name\":\"Home\",\"item\":\"https:\/\/jmtweb.net.br\/websites\/\"},{\"@type\":\"ListItem\",\"position\":2,\"name\":\"Facebook ir\u00e1 lan\u00e7ar servi\u00e7o para socializar m\u00fasica e filme\"}]},{\"@type\":\"WebSite\",\"@id\":\"https:\/\/jmtweb.net.br\/websites\/#website\",\"url\":\"https:\/\/jmtweb.net.br\/websites\/\",\"name\":\"JMT Cria\u00e7\u00e3o de Sites\",\"description\":\"Desenvolvimento de sistemas web\",\"publisher\":{\"@id\":\"https:\/\/jmtweb.net.br\/websites\/#organization\"},\"potentialAction\":[{\"@type\":\"SearchAction\",\"target\":{\"@type\":\"EntryPoint\",\"urlTemplate\":\"https:\/\/jmtweb.net.br\/websites\/?s={search_term_string}\"},\"query-input\":\"required name=search_term_string\"}],\"inLanguage\":\"pt-BR\"},{\"@type\":\"Organization\",\"@id\":\"https:\/\/jmtweb.net.br\/websites\/#organization\",\"name\":\"JMT Cria\u00e7\u00e3o de Sites\",\"url\":\"https:\/\/jmtweb.net.br\/websites\/\",\"logo\":{\"@type\":\"ImageObject\",\"inLanguage\":\"pt-BR\",\"@id\":\"https:\/\/jmtweb.net.br\/websites\/#\/schema\/logo\/image\/\",\"url\":\"https:\/\/i0.wp.com\/jmtweb.net.br\/websites\/wp-content\/uploads\/2017\/06\/logo.png?fit=500%2C500&ssl=1\",\"contentUrl\":\"https:\/\/i0.wp.com\/jmtweb.net.br\/websites\/wp-content\/uploads\/2017\/06\/logo.png?fit=500%2C500&ssl=1\",\"width\":500,\"height\":500,\"caption\":\"JMT Cria\u00e7\u00e3o de Sites\"},\"image\":{\"@id\":\"https:\/\/jmtweb.net.br\/websites\/#\/schema\/logo\/image\/\"},\"sameAs\":[\"https:\/\/www.facebook.com\/JMTWebsolutions\/\",\"https:\/\/twitter.com\/jmtwebsolutions\",\"https:\/\/www.linkedin.com\/company\/jmt-web-solutions\",\"https:\/\/www.youtube.com\/channel\/UCbf_7MVzEaTrZ-Bni9rs0Dw\"]},{\"@type\":\"Person\",\"@id\":\"https:\/\/jmtweb.net.br\/websites\/#\/schema\/person\/28c4a357100a38bba0ebb7b210a489db\",\"name\":\"JMT Criacao de Sites\",\"image\":{\"@type\":\"ImageObject\",\"inLanguage\":\"pt-BR\",\"@id\":\"https:\/\/jmtweb.net.br\/websites\/#\/schema\/person\/image\/\",\"url\":\"https:\/\/secure.gravatar.com\/avatar\/587eff10a81dc390c2a1066632639bf9?s=96&d=mm&r=g\",\"contentUrl\":\"https:\/\/secure.gravatar.com\/avatar\/587eff10a81dc390c2a1066632639bf9?s=96&d=mm&r=g\",\"caption\":\"JMT Criacao de Sites\"},\"sameAs\":[\"http:\/\/jmtweb.net.br\"],\"url\":\"https:\/\/jmtweb.net.br\/websites\/author\/jmt-criacao-de-sites\/\"}]}<\/script>\r\n<!-- \/ Yoast SEO plugin. -->","yoast_head_json":{"title":"Facebook ir\u00e1 lan\u00e7ar servi\u00e7o para socializar m\u00fasica e filme | JMT Cria\u00e7\u00e3o de Sites","robots":{"index":"index","follow":"follow","max-snippet":"max-snippet:-1","max-image-preview":"max-image-preview:large","max-video-preview":"max-video-preview:-1"},"canonical":"https:\/\/jmtweb.net.br\/websites\/facebook-ira-lancar-servico-para-socializar-musica-e-filme\/","og_locale":"pt_BR","og_type":"article","og_title":"Facebook ir\u00e1 lan\u00e7ar servi\u00e7o para socializar m\u00fasica e filme | JMT Cria\u00e7\u00e3o de Sites","og_description":"O Facebook dever\u00e1 apresentar na pr\u00f3xima quinta-feira uma nova plataforma de compartilhamento de m\u00eddia que permitir\u00e1 que seus usu\u00e1rios disponibilizem m\u00fasicas, filmes e seriados a seus amigos da rede social, informa o jornal New York Times. A novidade, que dever\u00e1 concorrer com servi\u00e7os como Spotfy e Rhapsody, entre tantos outros, dever\u00e1 ser anunciada durante a &hellip; Continue lendo \"Facebook ir\u00e1 lan\u00e7ar servi\u00e7o para socializar m\u00fasica e filme\"","og_url":"https:\/\/jmtweb.net.br\/websites\/facebook-ira-lancar-servico-para-socializar-musica-e-filme\/","og_site_name":"JMT Cria\u00e7\u00e3o de Sites","article_publisher":"https:\/\/www.facebook.com\/JMTWebsolutions\/","article_published_time":"2011-09-21T01:15:31+00:00","og_image":[{"url":"http:\/\/st2.tecnoblog.net\/wp-content\/uploads\/2011\/09\/zuckerberg.jpg"}],"author":"JMT Criacao de Sites","twitter_card":"summary_large_image","twitter_creator":"@jmtwebsolutions","twitter_site":"@jmtwebsolutions","twitter_misc":{"Escrito por":"JMT Criacao de Sites","Est. tempo de leitura":"1 minuto"},"schema":{"@context":"https:\/\/schema.org","@graph":[{"@type":"Article","@id":"https:\/\/jmtweb.net.br\/websites\/facebook-ira-lancar-servico-para-socializar-musica-e-filme\/#article","isPartOf":{"@id":"https:\/\/jmtweb.net.br\/websites\/facebook-ira-lancar-servico-para-socializar-musica-e-filme\/"},"author":{"name":"JMT Criacao de Sites","@id":"https:\/\/jmtweb.net.br\/websites\/#\/schema\/person\/28c4a357100a38bba0ebb7b210a489db"},"headline":"Facebook ir\u00e1 lan\u00e7ar servi\u00e7o para socializar m\u00fasica e filme","datePublished":"2011-09-21T01:15:31+00:00","dateModified":"2011-09-21T01:15:31+00:00","mainEntityOfPage":{"@id":"https:\/\/jmtweb.net.br\/websites\/facebook-ira-lancar-servico-para-socializar-musica-e-filme\/"},"wordCount":302,"commentCount":0,"publisher":{"@id":"https:\/\/jmtweb.net.br\/websites\/#organization"},"keywords":["compartilhar","facebook","m\u00fasica","Noticias"],"articleSection":["Facebook","Redes Sociais"],"inLanguage":"pt-BR","potentialAction":[{"@type":"CommentAction","name":"Comment","target":["https:\/\/jmtweb.net.br\/websites\/facebook-ira-lancar-servico-para-socializar-musica-e-filme\/#respond"]}]},{"@type":"WebPage","@id":"https:\/\/jmtweb.net.br\/websites\/facebook-ira-lancar-servico-para-socializar-musica-e-filme\/","url":"https:\/\/jmtweb.net.br\/websites\/facebook-ira-lancar-servico-para-socializar-musica-e-filme\/","name":"Facebook ir\u00e1 lan\u00e7ar servi\u00e7o para socializar m\u00fasica e filme | JMT Cria\u00e7\u00e3o de Sites","isPartOf":{"@id":"https:\/\/jmtweb.net.br\/websites\/#website"},"datePublished":"2011-09-21T01:15:31+00:00","dateModified":"2011-09-21T01:15:31+00:00","breadcrumb":{"@id":"https:\/\/jmtweb.net.br\/websites\/facebook-ira-lancar-servico-para-socializar-musica-e-filme\/#breadcrumb"},"inLanguage":"pt-BR","potentialAction":[{"@type":"ReadAction","target":["https:\/\/jmtweb.net.br\/websites\/facebook-ira-lancar-servico-para-socializar-musica-e-filme\/"]}]},{"@type":"BreadcrumbList","@id":"https:\/\/jmtweb.net.br\/websites\/facebook-ira-lancar-servico-para-socializar-musica-e-filme\/#breadcrumb","itemListElement":[{"@type":"ListItem","position":1,"name":"Home","item":"https:\/\/jmtweb.net.br\/websites\/"},{"@type":"ListItem","position":2,"name":"Facebook ir\u00e1 lan\u00e7ar servi\u00e7o para socializar m\u00fasica e filme"}]},{"@type":"WebSite","@id":"https:\/\/jmtweb.net.br\/websites\/#website","url":"https:\/\/jmtweb.net.br\/websites\/","name":"JMT Cria\u00e7\u00e3o de Sites","description":"Desenvolvimento de sistemas web","publisher":{"@id":"https:\/\/jmtweb.net.br\/websites\/#organization"},"potentialAction":[{"@type":"SearchAction","target":{"@type":"EntryPoint","urlTemplate":"https:\/\/jmtweb.net.br\/websites\/?s={search_term_string}"},"query-input":"required name=search_term_string"}],"inLanguage":"pt-BR"},{"@type":"Organization","@id":"https:\/\/jmtweb.net.br\/websites\/#organization","name":"JMT Cria\u00e7\u00e3o de Sites","url":"https:\/\/jmtweb.net.br\/websites\/","logo":{"@type":"ImageObject","inLanguage":"pt-BR","@id":"https:\/\/jmtweb.net.br\/websites\/#\/schema\/logo\/image\/","url":"https:\/\/i0.wp.com\/jmtweb.net.br\/websites\/wp-content\/uploads\/2017\/06\/logo.png?fit=500%2C500&ssl=1","contentUrl":"https:\/\/i0.wp.com\/jmtweb.net.br\/websites\/wp-content\/uploads\/2017\/06\/logo.png?fit=500%2C500&ssl=1","width":500,"height":500,"caption":"JMT Cria\u00e7\u00e3o de Sites"},"image":{"@id":"https:\/\/jmtweb.net.br\/websites\/#\/schema\/logo\/image\/"},"sameAs":["https:\/\/www.facebook.com\/JMTWebsolutions\/","https:\/\/twitter.com\/jmtwebsolutions","https:\/\/www.linkedin.com\/company\/jmt-web-solutions","https:\/\/www.youtube.com\/channel\/UCbf_7MVzEaTrZ-Bni9rs0Dw"]},{"@type":"Person","@id":"https:\/\/jmtweb.net.br\/websites\/#\/schema\/person\/28c4a357100a38bba0ebb7b210a489db","name":"JMT Criacao de Sites","image":{"@type":"ImageObject","inLanguage":"pt-BR","@id":"https:\/\/jmtweb.net.br\/websites\/#\/schema\/person\/image\/","url":"https:\/\/secure.gravatar.com\/avatar\/587eff10a81dc390c2a1066632639bf9?s=96&d=mm&r=g","contentUrl":"https:\/\/secure.gravatar.com\/avatar\/587eff10a81dc390c2a1066632639bf9?s=96&d=mm&r=g","caption":"JMT Criacao de Sites"},"sameAs":["http:\/\/jmtweb.net.br"],"url":"https:\/\/jmtweb.net.br\/websites\/author\/jmt-criacao-de-sites\/"}]}},"jetpack_featured_media_url":"","jetpack_publicize_connections":[],"jetpack_sharing_enabled":true,"jetpack_shortlink":"https:\/\/wp.me\/p9cz9S-64","jetpack_likes_enabled":true,"jetpack-related-posts":[{"id":333,"url":"https:\/\/jmtweb.net.br\/websites\/facebook-tera-servico-de-musica-online\/","url_meta":{"origin":376,"position":0},"title":"Facebook ter\u00e1 servi\u00e7o de m\u00fasica online","date":"1 de setembro de 2011","format":false,"excerpt":"Por Fernanda Morales Segundo especula\u00e7\u00f5es, o Facebook estaria prestes a lan\u00e7ar seu servi\u00e7o de m\u00fasica ainda em setembro durante sua confer\u00eancia de desenvolvedores, a F8. De acordo com o Mashable, a confer\u00eancia que ocorre no dia 22 de setembro ser\u00e1 palco para o an\u00fancio do novo servi\u00e7o que dever\u00e1 contar\u2026","rel":"","context":"Em &quot;Dicas&quot;","img":{"alt_text":"Facebook poder\u00c3\u00a1 lan\u00c3\u00a7ar servi\u00c3\u00a7o de m\u00c3\u00basica em setembro","src":"https:\/\/i0.wp.com\/jmtweb.net.br\/websites\/wp-content\/uploads\/2011\/09\/facebook.jpeg?resize=350%2C200","width":350,"height":200},"classes":[]},{"id":306,"url":"https:\/\/jmtweb.net.br\/websites\/o-facebook-e-uma-ameaca-a-supremacia-do-orkut-no-brasil\/","url_meta":{"origin":376,"position":1},"title":"O Facebook \u00e9 uma amea\u00e7a \u00e0 supremacia do Orkut no Brasil?","date":"26 de julho de 2011","format":false,"excerpt":"Especialistas analisam se rede social comandada por Mark Zuckerberg\u00a0pode crescer a ponto de ser mais popular que o site\u00a0do Google. De um lado, a rede social mais popular do Brasil, com nenhum advers\u00e1rio que ofere\u00e7a real perigo \u00e0 penetra\u00e7\u00e3o de 75% na base de internautas brasileiros. Do outro, a maior\u2026","rel":"","context":"Em &quot;Facebook&quot;","img":{"alt_text":"","src":"","width":0,"height":0},"classes":[]},{"id":353,"url":"https:\/\/jmtweb.net.br\/websites\/ibope-confirma-facebook-ultrapassou-orkut-no-brasil\/","url_meta":{"origin":376,"position":2},"title":"Ibope confirma, Facebook ultrapassou Orkut no Brasil","date":"13 de setembro de 2011","format":false,"excerpt":"O Ibope confirmou nesta sexta-feira as informa\u00e7\u00f5es publicadas pela Isto\u00c9 Dinheiro, que antecipou na semana passada n\u00fameros da pesquisa Ibope Nielsen Online para o mes de agosto que indicam que o Facebook, maior rede social do mundo, finalmente ultrapassou o Orkut, servi\u00e7o queridinho dos brasileiros, no Pa\u00eds. De acordo com\u2026","rel":"","context":"Em &quot;Facebook&quot;","img":{"alt_text":"Perdendo lideran\u00c3\u00a7a, Orkut foi porta de entrada \u00c3\u00a0 web no Brasil","src":"https:\/\/i0.wp.com\/valeumpost.com.br\/wp-content\/uploads\/2011\/09\/orkut-superado-por-facebook.jpeg?resize=350%2C200","width":350,"height":200},"classes":[]},{"id":324,"url":"https:\/\/jmtweb.net.br\/websites\/facebook-esta-aumentando-o-tamanho-das-fotos\/","url_meta":{"origin":376,"position":3},"title":"Facebook est\u00e1 aumentando o tamanho das fotos","date":"30 de agosto de 2011","format":false,"excerpt":"O Facebook anunciou por meio de seu blog oficial que est\u00e1 aumentando o tamanho das fotos que os usu\u00e1rios publicam em sua rede social tanto para o compartilhamento quanto para a visualiza\u00e7\u00e3o. As imagens que eram exibidas com 720 pixels agora ser\u00e3o de 960 pixels. Al\u00e9m do tamanhomaior, o upload\u2026","rel":"","context":"Em &quot;Facebook&quot;","img":{"alt_text":"Facebook aumenta o tamanho das fotos compartilhadas na rede social","src":"https:\/\/i2.wp.com\/jmtweb.net.br\/websites\/wp-content\/uploads\/2011\/08\/tamanho_imagem_fb.png?resize=350%2C200","width":350,"height":200},"classes":[]},{"id":189,"url":"https:\/\/jmtweb.net.br\/websites\/facebook-atinge-500-milhoes-de-usuarios\/","url_meta":{"origin":376,"position":4},"title":"Facebook - Atinge 500 milh\u00f5es de usu\u00e1rios","date":"23 de julho de 2010","format":false,"excerpt":"O Facebook anunciou nesta quarta-feira que atingiu a marca de 500 milh\u00f5es de usu\u00e1rios em todo o planeta. \u00c9 a maior rede social do mundo, uma comunidade superior ao n\u00famero de usu\u00e1rios de internet na China, que tem 420 milh\u00f5es de pessoas. Confira no gr\u00e1fico, a curva de crescimento da\u2026","rel":"","context":"Em &quot;Noticias&quot;","img":{"alt_text":"Facebook atinge 500 milh\u00c3\u00b5es de usu\u00c3\u00a1rios no planeta","src":"https:\/\/i0.wp.com\/veja.abril.com.br\/assets\/pictures\/13556\/a-maior-rede-size-620.jpg?resize=350%2C200","width":350,"height":200},"classes":[]},{"id":358,"url":"https:\/\/jmtweb.net.br\/websites\/10-passos-para-o-facebook\/","url_meta":{"origin":376,"position":5},"title":"10 passos para o Facebook se tornar fen\u00f4meno no Brasil","date":"16 de setembro de 2011","format":false,"excerpt":"Wikerson Landim Nesta semana, o instituto de pesquisas Ibope Nielsen divulgou uma s\u00e9rie de dados sobre o uso de internet no Brasil. Entre os quesitos pesquisados, uma informa\u00e7\u00e3o em especial chamou a aten\u00e7\u00e3o. Quando o assunto \u00e9 rede social, o Orkut j\u00e1 n\u00e3o \u00e9 mais o site preferido dos brasileiros.\u2026","rel":"","context":"Em &quot;Dicas&quot;","img":{"alt_text":"Facebook: veja 10 passos para rede se tornar fen\u00c3\u00b4meno no Brasil","src":"https:\/\/i1.wp.com\/www.guiadeniteroi.com\/uploads\/geecktec_filemanager\/facebook_brasil.jpg?resize=350%2C200","width":350,"height":200},"classes":[]}],"_links":{"self":[{"href":"https:\/\/jmtweb.net.br\/websites\/wp-json\/wp\/v2\/posts\/376"}],"collection":[{"href":"https:\/\/jmtweb.net.br\/websites\/wp-json\/wp\/v2\/posts"}],"about":[{"href":"https:\/\/jmtweb.net.br\/websites\/wp-json\/wp\/v2\/types\/post"}],"author":[{"embeddable":true,"href":"https:\/\/jmtweb.net.br\/websites\/wp-json\/wp\/v2\/users\/2"}],"replies":[{"embeddable":true,"href":"https:\/\/jmtweb.net.br\/websites\/wp-json\/wp\/v2\/comments?post=376"}],"version-history":[{"count":0,"href":"https:\/\/jmtweb.net.br\/websites\/wp-json\/wp\/v2\/posts\/376\/revisions"}],"wp:attachment":[{"href":"https:\/\/jmtweb.net.br\/websites\/wp-json\/wp\/v2\/media?parent=376"}],"wp:term":[{"taxonomy":"category","embeddable":true,"href":"https:\/\/jmtweb.net.br\/websites\/wp-json\/wp\/v2\/categories?post=376"},{"taxonomy":"post_tag","embeddable":true,"href":"https:\/\/jmtweb.net.br\/websites\/wp-json\/wp\/v2\/tags?post=376"}],"curies":[{"name":"wp","href":"https:\/\/api.w.org\/{rel}","templated":true}]}}