{"id":349,"date":"2011-09-09T21:41:09","date_gmt":"2011-09-09T21:41:09","guid":{"rendered":"http:\/\/jmtwebsolutions.wordpress.com\/?p=349"},"modified":"2011-09-09T21:41:09","modified_gmt":"2011-09-09T21:41:09","slug":"brasileiro-prefere-trocar-e-mail-a-usar-midias-sociais","status":"publish","type":"post","link":"https:\/\/jmtweb.net.br\/websites\/brasileiro-prefere-trocar-e-mail-a-usar-midias-sociais\/","title":{"rendered":"Brasileiro prefere trocar e-mail a usar m\u00eddias sociais"},"content":{"rendered":"<figure id=\"attachment_350\" aria-describedby=\"caption-attachment-350\" style=\"width: 460px\" class=\"wp-caption aligncenter\"><a href=\"https:\/\/i0.wp.com\/jmtweb.net.br\/websites\/wp-content\/uploads\/2011\/09\/email_midias.jpg\"><img data-attachment-id=\"350\" data-permalink=\"https:\/\/jmtweb.net.br\/websites\/brasileiro-prefere-trocar-e-mail-a-usar-midias-sociais\/email_midias\/\" data-orig-file=\"https:\/\/i0.wp.com\/jmtweb.net.br\/websites\/wp-content\/uploads\/2011\/09\/email_midias.jpg?fit=485%2C371&amp;ssl=1\" data-orig-size=\"485,371\" data-comments-opened=\"1\" data-image-meta=\"{&quot;aperture&quot;:&quot;0&quot;,&quot;credit&quot;:&quot;&quot;,&quot;camera&quot;:&quot;&quot;,&quot;caption&quot;:&quot;&quot;,&quot;created_timestamp&quot;:&quot;0&quot;,&quot;copyright&quot;:&quot;&quot;,&quot;focal_length&quot;:&quot;0&quot;,&quot;iso&quot;:&quot;0&quot;,&quot;shutter_speed&quot;:&quot;0&quot;,&quot;title&quot;:&quot;&quot;,&quot;orientation&quot;:&quot;0&quot;}\" data-image-title=\"A troca de e-mails com familiares ou amigos foi citada por 44% dos entrevistados como o principal uso da internet\" data-image-description=\"&lt;p&gt;A troca de e-mails com familiares ou amigos foi citada por 44% dos entrevistados como o principal uso da internet&lt;\/p&gt;\n\" data-medium-file=\"https:\/\/i0.wp.com\/jmtweb.net.br\/websites\/wp-content\/uploads\/2011\/09\/email_midias.jpg?fit=300%2C229&amp;ssl=1\" data-large-file=\"https:\/\/i0.wp.com\/jmtweb.net.br\/websites\/wp-content\/uploads\/2011\/09\/email_midias.jpg?fit=485%2C371&amp;ssl=1\" decoding=\"async\" loading=\"lazy\" class=\"size-full wp-image-350\" title=\"A troca de e-mails com familiares ou amigos foi citada por 44% dos entrevistados como o principal uso da internet\" src=\"https:\/\/i0.wp.com\/jmtweb.net.br\/websites\/wp-content\/uploads\/2011\/09\/email_midias.jpg?resize=460%2C351\" alt=\"E-mail e Midias Sociais\" width=\"460\" height=\"351\" srcset=\"https:\/\/i0.wp.com\/jmtweb.net.br\/websites\/wp-content\/uploads\/2011\/09\/email_midias.jpg?w=485&amp;ssl=1 485w, https:\/\/i0.wp.com\/jmtweb.net.br\/websites\/wp-content\/uploads\/2011\/09\/email_midias.jpg?resize=300%2C229&amp;ssl=1 300w\" sizes=\"(max-width: 460px) 100vw, 460px\" data-recalc-dims=\"1\" \/><\/a><figcaption id=\"caption-attachment-350\" class=\"wp-caption-text\">A troca de e-mails com familiares ou amigos foi citada por 44% dos entrevistados como o principal uso da internet<\/figcaption><\/figure>\n<p>A maioria dos brasileiros que usa a internet com fins particulares dedica de uma a duas horas do dia para quatro principais finalidades: troca de emails, leitura de not\u00edcias, acesso a informa\u00e7\u00f5es gerais em sites de busca e acesso a m\u00eddias sociais.<\/p>\n<p>As informa\u00e7\u00f5es s\u00e3o do estudo realizado pela GfK em nove regi\u00f5es metropolitanas (Porto Alegre, Curitiba, S\u00e3o Paulo, Rio de Janeiro, Belo Horizonte, Salvador, Recife, Fortaleza, Bel\u00e9m) e tr\u00eas capitais (Bras\u00edlia, Goi\u00e2nia e Manaus).<\/p>\n<p>A troca de e-mails com familiares ou amigos foi citada por 44% dos entrevistados como o principal uso da internet. As mulheres s\u00e3o as que mais t\u00eam esse h\u00e1bito, 51%, contra 38% dos homens. A leitura de not\u00edcias teve 40% de cita\u00e7\u00f5es e o costume \u00e9 mais comum para os que t\u00eam mais de 56 anos (59%), enquanto que o percentual cai para 31% entre os mais jovens, com idade dos 18 aos 24 anos.<\/p>\n<p>As m\u00eddias sociais tamb\u00e9m est\u00e3o entre os usos mais frequentes (39%), sendo que entre os mais jovens esta porcentagem \u00e9 bem mais alta: 61% na faixa et\u00e1ria entre 18 a 24 anos e 47% na faixa de 25 a 34 anos. Tamb\u00e9m com 39% de cita\u00e7\u00f5es aparece a busca de informa\u00e7\u00f5es gerais em sites como Google, por exemplo.<\/p>\n<p>O uso da Internet para compras online ainda \u00e9 restrito (9%), apesar do grande crescimento do com\u00e9rcio eletr\u00f4nico apresentado nos \u00faltimos anos.<\/p>\n<p>Sobre o tempo que dedicam para o uso particular da web, 40% dos entrevistados afirmam que reservam de 1 a 2 horas por dia para esta atividade, 18% usam menos que uma hora por dia e 19% n\u00e3o usam a Internet todo dia.<\/p>\n","protected":false},"excerpt":{"rendered":"<p>A maioria dos brasileiros que usa a internet com fins particulares dedica de uma a duas horas do dia para quatro principais finalidades: troca de emails, leitura de not\u00edcias, acesso a informa\u00e7\u00f5es gerais em sites de busca e acesso a m\u00eddias sociais. As informa\u00e7\u00f5es s\u00e3o do estudo realizado pela GfK em nove regi\u00f5es metropolitanas (Porto &hellip; <\/p>\n<p class=\"link-more\"><a href=\"https:\/\/jmtweb.net.br\/websites\/brasileiro-prefere-trocar-e-mail-a-usar-midias-sociais\/\" class=\"more-link\">Continue lendo<span class=\"screen-reader-text\"> &#8220;Brasileiro prefere trocar e-mail a usar m\u00eddias sociais&#8221;<\/span><\/a><\/p>\n","protected":false},"author":2,"featured_media":0,"comment_status":"open","ping_status":"open","sticky":false,"template":"","format":"standard","meta":{"spay_email":"","jetpack_publicize_message":"","jetpack_is_tweetstorm":false},"categories":[10,18,23],"tags":[74,104,114,176],"yoast_head":"<!-- This site is optimized with the Yoast SEO plugin v20.1 - https:\/\/yoast.com\/wordpress\/plugins\/seo\/ -->\r\n<title>Brasileiro prefere trocar e-mail a usar m\u00eddias sociais | JMT Cria\u00e7\u00e3o de Sites<\/title>\r\n<meta name=\"robots\" content=\"index, follow, max-snippet:-1, max-image-preview:large, max-video-preview:-1\" \/>\r\n<link rel=\"canonical\" href=\"https:\/\/jmtweb.net.br\/websites\/brasileiro-prefere-trocar-e-mail-a-usar-midias-sociais\/\" \/>\r\n<meta property=\"og:locale\" content=\"pt_BR\" \/>\r\n<meta property=\"og:type\" content=\"article\" \/>\r\n<meta property=\"og:title\" content=\"Brasileiro prefere trocar e-mail a usar m\u00eddias sociais | JMT Cria\u00e7\u00e3o de Sites\" \/>\r\n<meta property=\"og:description\" content=\"A maioria dos brasileiros que usa a internet com fins particulares dedica de uma a duas horas do dia para quatro principais finalidades: troca de emails, leitura de not\u00edcias, acesso a informa\u00e7\u00f5es gerais em sites de busca e acesso a m\u00eddias sociais. As informa\u00e7\u00f5es s\u00e3o do estudo realizado pela GfK em nove regi\u00f5es metropolitanas (Porto &hellip; Continue lendo &quot;Brasileiro prefere trocar e-mail a usar m\u00eddias sociais&quot;\" \/>\r\n<meta property=\"og:url\" content=\"https:\/\/jmtweb.net.br\/websites\/brasileiro-prefere-trocar-e-mail-a-usar-midias-sociais\/\" \/>\r\n<meta property=\"og:site_name\" content=\"JMT Cria\u00e7\u00e3o de Sites\" \/>\r\n<meta property=\"article:publisher\" content=\"https:\/\/www.facebook.com\/JMTWebsolutions\/\" \/>\r\n<meta property=\"article:published_time\" content=\"2011-09-09T21:41:09+00:00\" \/>\r\n<meta property=\"og:image\" content=\"http:\/\/jmtweb.net.br\/websites\/wp-content\/uploads\/2011\/09\/email_midias.jpg\" \/>\r\n<meta name=\"author\" content=\"JMT Criacao de Sites\" \/>\r\n<meta name=\"twitter:card\" content=\"summary_large_image\" \/>\r\n<meta name=\"twitter:creator\" content=\"@jmtwebsolutions\" \/>\r\n<meta name=\"twitter:site\" content=\"@jmtwebsolutions\" \/>\r\n<meta name=\"twitter:label1\" content=\"Escrito por\" \/>\n\t<meta name=\"twitter:data1\" content=\"JMT Criacao de Sites\" \/>\n\t<meta name=\"twitter:label2\" content=\"Est. tempo de leitura\" \/>\n\t<meta name=\"twitter:data2\" content=\"2 minutos\" \/>\r\n<script type=\"application\/ld+json\" class=\"yoast-schema-graph\">{\"@context\":\"https:\/\/schema.org\",\"@graph\":[{\"@type\":\"Article\",\"@id\":\"https:\/\/jmtweb.net.br\/websites\/brasileiro-prefere-trocar-e-mail-a-usar-midias-sociais\/#article\",\"isPartOf\":{\"@id\":\"https:\/\/jmtweb.net.br\/websites\/brasileiro-prefere-trocar-e-mail-a-usar-midias-sociais\/\"},\"author\":{\"name\":\"JMT Criacao de Sites\",\"@id\":\"https:\/\/jmtweb.net.br\/websites\/#\/schema\/person\/28c4a357100a38bba0ebb7b210a489db\"},\"headline\":\"Brasileiro prefere trocar e-mail a usar m\u00eddias sociais\",\"datePublished\":\"2011-09-09T21:41:09+00:00\",\"dateModified\":\"2011-09-09T21:41:09+00:00\",\"mainEntityOfPage\":{\"@id\":\"https:\/\/jmtweb.net.br\/websites\/brasileiro-prefere-trocar-e-mail-a-usar-midias-sociais\/\"},\"wordCount\":310,\"commentCount\":0,\"publisher\":{\"@id\":\"https:\/\/jmtweb.net.br\/websites\/#organization\"},\"keywords\":[\"facebook\",\"midiais sociais\",\"Noticias\",\"twitter\"],\"articleSection\":[\"Facebook\",\"Redes Sociais\",\"Twitter\"],\"inLanguage\":\"pt-BR\",\"potentialAction\":[{\"@type\":\"CommentAction\",\"name\":\"Comment\",\"target\":[\"https:\/\/jmtweb.net.br\/websites\/brasileiro-prefere-trocar-e-mail-a-usar-midias-sociais\/#respond\"]}]},{\"@type\":\"WebPage\",\"@id\":\"https:\/\/jmtweb.net.br\/websites\/brasileiro-prefere-trocar-e-mail-a-usar-midias-sociais\/\",\"url\":\"https:\/\/jmtweb.net.br\/websites\/brasileiro-prefere-trocar-e-mail-a-usar-midias-sociais\/\",\"name\":\"Brasileiro prefere trocar e-mail a usar m\u00eddias sociais | JMT Cria\u00e7\u00e3o de Sites\",\"isPartOf\":{\"@id\":\"https:\/\/jmtweb.net.br\/websites\/#website\"},\"datePublished\":\"2011-09-09T21:41:09+00:00\",\"dateModified\":\"2011-09-09T21:41:09+00:00\",\"breadcrumb\":{\"@id\":\"https:\/\/jmtweb.net.br\/websites\/brasileiro-prefere-trocar-e-mail-a-usar-midias-sociais\/#breadcrumb\"},\"inLanguage\":\"pt-BR\",\"potentialAction\":[{\"@type\":\"ReadAction\",\"target\":[\"https:\/\/jmtweb.net.br\/websites\/brasileiro-prefere-trocar-e-mail-a-usar-midias-sociais\/\"]}]},{\"@type\":\"BreadcrumbList\",\"@id\":\"https:\/\/jmtweb.net.br\/websites\/brasileiro-prefere-trocar-e-mail-a-usar-midias-sociais\/#breadcrumb\",\"itemListElement\":[{\"@type\":\"ListItem\",\"position\":1,\"name\":\"Home\",\"item\":\"https:\/\/jmtweb.net.br\/websites\/\"},{\"@type\":\"ListItem\",\"position\":2,\"name\":\"Brasileiro prefere trocar e-mail a usar m\u00eddias sociais\"}]},{\"@type\":\"WebSite\",\"@id\":\"https:\/\/jmtweb.net.br\/websites\/#website\",\"url\":\"https:\/\/jmtweb.net.br\/websites\/\",\"name\":\"JMT Cria\u00e7\u00e3o de Sites\",\"description\":\"Desenvolvimento de sistemas web\",\"publisher\":{\"@id\":\"https:\/\/jmtweb.net.br\/websites\/#organization\"},\"potentialAction\":[{\"@type\":\"SearchAction\",\"target\":{\"@type\":\"EntryPoint\",\"urlTemplate\":\"https:\/\/jmtweb.net.br\/websites\/?s={search_term_string}\"},\"query-input\":\"required name=search_term_string\"}],\"inLanguage\":\"pt-BR\"},{\"@type\":\"Organization\",\"@id\":\"https:\/\/jmtweb.net.br\/websites\/#organization\",\"name\":\"JMT Cria\u00e7\u00e3o de Sites\",\"url\":\"https:\/\/jmtweb.net.br\/websites\/\",\"logo\":{\"@type\":\"ImageObject\",\"inLanguage\":\"pt-BR\",\"@id\":\"https:\/\/jmtweb.net.br\/websites\/#\/schema\/logo\/image\/\",\"url\":\"https:\/\/i0.wp.com\/jmtweb.net.br\/websites\/wp-content\/uploads\/2017\/06\/logo.png?fit=500%2C500&ssl=1\",\"contentUrl\":\"https:\/\/i0.wp.com\/jmtweb.net.br\/websites\/wp-content\/uploads\/2017\/06\/logo.png?fit=500%2C500&ssl=1\",\"width\":500,\"height\":500,\"caption\":\"JMT Cria\u00e7\u00e3o de Sites\"},\"image\":{\"@id\":\"https:\/\/jmtweb.net.br\/websites\/#\/schema\/logo\/image\/\"},\"sameAs\":[\"https:\/\/www.facebook.com\/JMTWebsolutions\/\",\"https:\/\/twitter.com\/jmtwebsolutions\",\"https:\/\/www.linkedin.com\/company\/jmt-web-solutions\",\"https:\/\/www.youtube.com\/channel\/UCbf_7MVzEaTrZ-Bni9rs0Dw\"]},{\"@type\":\"Person\",\"@id\":\"https:\/\/jmtweb.net.br\/websites\/#\/schema\/person\/28c4a357100a38bba0ebb7b210a489db\",\"name\":\"JMT Criacao de Sites\",\"image\":{\"@type\":\"ImageObject\",\"inLanguage\":\"pt-BR\",\"@id\":\"https:\/\/jmtweb.net.br\/websites\/#\/schema\/person\/image\/\",\"url\":\"https:\/\/secure.gravatar.com\/avatar\/587eff10a81dc390c2a1066632639bf9?s=96&d=mm&r=g\",\"contentUrl\":\"https:\/\/secure.gravatar.com\/avatar\/587eff10a81dc390c2a1066632639bf9?s=96&d=mm&r=g\",\"caption\":\"JMT Criacao de Sites\"},\"sameAs\":[\"http:\/\/jmtweb.net.br\"],\"url\":\"https:\/\/jmtweb.net.br\/websites\/author\/jmt-criacao-de-sites\/\"}]}<\/script>\r\n<!-- \/ Yoast SEO plugin. -->","yoast_head_json":{"title":"Brasileiro prefere trocar e-mail a usar m\u00eddias sociais | JMT Cria\u00e7\u00e3o de Sites","robots":{"index":"index","follow":"follow","max-snippet":"max-snippet:-1","max-image-preview":"max-image-preview:large","max-video-preview":"max-video-preview:-1"},"canonical":"https:\/\/jmtweb.net.br\/websites\/brasileiro-prefere-trocar-e-mail-a-usar-midias-sociais\/","og_locale":"pt_BR","og_type":"article","og_title":"Brasileiro prefere trocar e-mail a usar m\u00eddias sociais | JMT Cria\u00e7\u00e3o de Sites","og_description":"A maioria dos brasileiros que usa a internet com fins particulares dedica de uma a duas horas do dia para quatro principais finalidades: troca de emails, leitura de not\u00edcias, acesso a informa\u00e7\u00f5es gerais em sites de busca e acesso a m\u00eddias sociais. As informa\u00e7\u00f5es s\u00e3o do estudo realizado pela GfK em nove regi\u00f5es metropolitanas (Porto &hellip; Continue lendo \"Brasileiro prefere trocar e-mail a usar m\u00eddias sociais\"","og_url":"https:\/\/jmtweb.net.br\/websites\/brasileiro-prefere-trocar-e-mail-a-usar-midias-sociais\/","og_site_name":"JMT Cria\u00e7\u00e3o de Sites","article_publisher":"https:\/\/www.facebook.com\/JMTWebsolutions\/","article_published_time":"2011-09-09T21:41:09+00:00","og_image":[{"url":"http:\/\/jmtweb.net.br\/websites\/wp-content\/uploads\/2011\/09\/email_midias.jpg"}],"author":"JMT Criacao de Sites","twitter_card":"summary_large_image","twitter_creator":"@jmtwebsolutions","twitter_site":"@jmtwebsolutions","twitter_misc":{"Escrito por":"JMT Criacao de Sites","Est. tempo de leitura":"2 minutos"},"schema":{"@context":"https:\/\/schema.org","@graph":[{"@type":"Article","@id":"https:\/\/jmtweb.net.br\/websites\/brasileiro-prefere-trocar-e-mail-a-usar-midias-sociais\/#article","isPartOf":{"@id":"https:\/\/jmtweb.net.br\/websites\/brasileiro-prefere-trocar-e-mail-a-usar-midias-sociais\/"},"author":{"name":"JMT Criacao de Sites","@id":"https:\/\/jmtweb.net.br\/websites\/#\/schema\/person\/28c4a357100a38bba0ebb7b210a489db"},"headline":"Brasileiro prefere trocar e-mail a usar m\u00eddias sociais","datePublished":"2011-09-09T21:41:09+00:00","dateModified":"2011-09-09T21:41:09+00:00","mainEntityOfPage":{"@id":"https:\/\/jmtweb.net.br\/websites\/brasileiro-prefere-trocar-e-mail-a-usar-midias-sociais\/"},"wordCount":310,"commentCount":0,"publisher":{"@id":"https:\/\/jmtweb.net.br\/websites\/#organization"},"keywords":["facebook","midiais sociais","Noticias","twitter"],"articleSection":["Facebook","Redes Sociais","Twitter"],"inLanguage":"pt-BR","potentialAction":[{"@type":"CommentAction","name":"Comment","target":["https:\/\/jmtweb.net.br\/websites\/brasileiro-prefere-trocar-e-mail-a-usar-midias-sociais\/#respond"]}]},{"@type":"WebPage","@id":"https:\/\/jmtweb.net.br\/websites\/brasileiro-prefere-trocar-e-mail-a-usar-midias-sociais\/","url":"https:\/\/jmtweb.net.br\/websites\/brasileiro-prefere-trocar-e-mail-a-usar-midias-sociais\/","name":"Brasileiro prefere trocar e-mail a usar m\u00eddias sociais | JMT Cria\u00e7\u00e3o de Sites","isPartOf":{"@id":"https:\/\/jmtweb.net.br\/websites\/#website"},"datePublished":"2011-09-09T21:41:09+00:00","dateModified":"2011-09-09T21:41:09+00:00","breadcrumb":{"@id":"https:\/\/jmtweb.net.br\/websites\/brasileiro-prefere-trocar-e-mail-a-usar-midias-sociais\/#breadcrumb"},"inLanguage":"pt-BR","potentialAction":[{"@type":"ReadAction","target":["https:\/\/jmtweb.net.br\/websites\/brasileiro-prefere-trocar-e-mail-a-usar-midias-sociais\/"]}]},{"@type":"BreadcrumbList","@id":"https:\/\/jmtweb.net.br\/websites\/brasileiro-prefere-trocar-e-mail-a-usar-midias-sociais\/#breadcrumb","itemListElement":[{"@type":"ListItem","position":1,"name":"Home","item":"https:\/\/jmtweb.net.br\/websites\/"},{"@type":"ListItem","position":2,"name":"Brasileiro prefere trocar e-mail a usar m\u00eddias sociais"}]},{"@type":"WebSite","@id":"https:\/\/jmtweb.net.br\/websites\/#website","url":"https:\/\/jmtweb.net.br\/websites\/","name":"JMT Cria\u00e7\u00e3o de Sites","description":"Desenvolvimento de sistemas web","publisher":{"@id":"https:\/\/jmtweb.net.br\/websites\/#organization"},"potentialAction":[{"@type":"SearchAction","target":{"@type":"EntryPoint","urlTemplate":"https:\/\/jmtweb.net.br\/websites\/?s={search_term_string}"},"query-input":"required name=search_term_string"}],"inLanguage":"pt-BR"},{"@type":"Organization","@id":"https:\/\/jmtweb.net.br\/websites\/#organization","name":"JMT Cria\u00e7\u00e3o de Sites","url":"https:\/\/jmtweb.net.br\/websites\/","logo":{"@type":"ImageObject","inLanguage":"pt-BR","@id":"https:\/\/jmtweb.net.br\/websites\/#\/schema\/logo\/image\/","url":"https:\/\/i0.wp.com\/jmtweb.net.br\/websites\/wp-content\/uploads\/2017\/06\/logo.png?fit=500%2C500&ssl=1","contentUrl":"https:\/\/i0.wp.com\/jmtweb.net.br\/websites\/wp-content\/uploads\/2017\/06\/logo.png?fit=500%2C500&ssl=1","width":500,"height":500,"caption":"JMT Cria\u00e7\u00e3o de Sites"},"image":{"@id":"https:\/\/jmtweb.net.br\/websites\/#\/schema\/logo\/image\/"},"sameAs":["https:\/\/www.facebook.com\/JMTWebsolutions\/","https:\/\/twitter.com\/jmtwebsolutions","https:\/\/www.linkedin.com\/company\/jmt-web-solutions","https:\/\/www.youtube.com\/channel\/UCbf_7MVzEaTrZ-Bni9rs0Dw"]},{"@type":"Person","@id":"https:\/\/jmtweb.net.br\/websites\/#\/schema\/person\/28c4a357100a38bba0ebb7b210a489db","name":"JMT Criacao de Sites","image":{"@type":"ImageObject","inLanguage":"pt-BR","@id":"https:\/\/jmtweb.net.br\/websites\/#\/schema\/person\/image\/","url":"https:\/\/secure.gravatar.com\/avatar\/587eff10a81dc390c2a1066632639bf9?s=96&d=mm&r=g","contentUrl":"https:\/\/secure.gravatar.com\/avatar\/587eff10a81dc390c2a1066632639bf9?s=96&d=mm&r=g","caption":"JMT Criacao de Sites"},"sameAs":["http:\/\/jmtweb.net.br"],"url":"https:\/\/jmtweb.net.br\/websites\/author\/jmt-criacao-de-sites\/"}]}},"jetpack_featured_media_url":"","jetpack_publicize_connections":[],"jetpack_sharing_enabled":true,"jetpack_shortlink":"https:\/\/wp.me\/p9cz9S-5D","jetpack_likes_enabled":true,"jetpack-related-posts":[{"id":547,"url":"https:\/\/jmtweb.net.br\/websites\/547\/","url_meta":{"origin":349,"position":0},"title":"Candidatos, eleitores e partidos pol\u00edticos descobrem for\u00e7a da internet","date":"20 de julho de 2012","format":false,"excerpt":"Bras\u00edlia\u00a0\u2013 Embora a televis\u00e3o ainda seja o principal ve\u00edculo para informa\u00e7\u00e3o de quem vai votar, os eleitores, os partidos pol\u00edticos e os candidatos descobriram a for\u00e7a da internet e das m\u00eddias sociais e pretendem us\u00e1-las com intensidade nesta campanha. Em cidades com mais de 200 mil eleitores, onde o acesso\u2026","rel":"","context":"Em &quot;Facebook&quot;","img":{"alt_text":"","src":"","width":0,"height":0},"classes":[]},{"id":449,"url":"https:\/\/jmtweb.net.br\/websites\/empresas-de-internet-decretam-o-fim-do-curriculo-no-brasil\/","url_meta":{"origin":349,"position":1},"title":"Empresas de internet decretam o fim do curr\u00edculo no Brasil","date":"13 de fevereiro de 2012","format":false,"excerpt":"Seguindo a tend\u00eancia mundial, companhias brasileiras passam a utilizar, cada vez mais, um \u00fanico crit\u00e9rio em seus processos seletivos: a presen\u00e7a na web. Pouco mais de um ano atr\u00e1s, o estudante de sistemas de informa\u00e7\u00e3o Estev\u00e3o Mascarenhas, ent\u00e3o com 19 anos, passou por uma situa\u00e7\u00e3o curiosa. Ele come\u00e7ou a interagir\u2026","rel":"","context":"Em &quot;Dicas&quot;","img":{"alt_text":"","src":"","width":0,"height":0},"classes":[]},{"id":380,"url":"https:\/\/jmtweb.net.br\/websites\/o-novo-consumidor-na-era-da-redes-sociais\/","url_meta":{"origin":349,"position":2},"title":"O novo consumidor na era da redes sociais","date":"22 de setembro de 2011","format":false,"excerpt":"Por Cl\u00e1udio Conz 22\/09\/2011 \u00c9 uma preocupa\u00e7\u00e3o constante do Conselho de Desenvolvimento Econ\u00f4mico e Social discutir os novos meios de comunica\u00e7\u00e3o e a inclus\u00e3o digital no Brasil \u00c9 uma preocupa\u00e7\u00e3o constante do Conselho de Desenvolvimento Econ\u00f4mico e Social da Presid\u00eancia da Rep\u00fablica, \u00f3rg\u00e3o do qual fa\u00e7o parte, discutir os novos\u2026","rel":"","context":"Em &quot;Clientes&quot;","img":{"alt_text":"O novo consumidor na era das redes sociais.","src":"https:\/\/i2.wp.com\/jmtweb.net.br\/websites\/wp-content\/uploads\/2011\/09\/dinero_redes_sociais.jpg?resize=350%2C200","width":350,"height":200},"classes":[]},{"id":415,"url":"https:\/\/jmtweb.net.br\/websites\/rede-social-e-principal-motivo-de-uso-da-web-por-brasileiros\/","url_meta":{"origin":349,"position":3},"title":"Rede social \u00e9 principal motivo de uso da web por brasileiros","date":"2 de dezembro de 2011","format":false,"excerpt":"Uma pesquisa da Fecom\u00e9rcio-RJ\/Ipsos divulgada recentemente revela que o percentual de brasileiros conectados \u00e0 rede mundial de computadores passou de 27%, em 2007, para 48%, em 2011. Segundo o estudo, os brasileiros est\u00e3o mais conectados a cada ano, sendo que o acesso \u00e0 internet quase dobrou nos \u00faltimos quatro anos:\u2026","rel":"","context":"Em &quot;Facebook&quot;","img":{"alt_text":"","src":"","width":0,"height":0},"classes":[]},{"id":353,"url":"https:\/\/jmtweb.net.br\/websites\/ibope-confirma-facebook-ultrapassou-orkut-no-brasil\/","url_meta":{"origin":349,"position":4},"title":"Ibope confirma, Facebook ultrapassou Orkut no Brasil","date":"13 de setembro de 2011","format":false,"excerpt":"O Ibope confirmou nesta sexta-feira as informa\u00e7\u00f5es publicadas pela Isto\u00c9 Dinheiro, que antecipou na semana passada n\u00fameros da pesquisa Ibope Nielsen Online para o mes de agosto que indicam que o Facebook, maior rede social do mundo, finalmente ultrapassou o Orkut, servi\u00e7o queridinho dos brasileiros, no Pa\u00eds. De acordo com\u2026","rel":"","context":"Em &quot;Facebook&quot;","img":{"alt_text":"Perdendo lideran\u00c3\u00a7a, Orkut foi porta de entrada \u00c3\u00a0 web no Brasil","src":"https:\/\/i0.wp.com\/valeumpost.com.br\/wp-content\/uploads\/2011\/09\/orkut-superado-por-facebook.jpeg?resize=350%2C200","width":350,"height":200},"classes":[]},{"id":92,"url":"https:\/\/jmtweb.net.br\/websites\/as-10-regras-de-ouro-nas-redes-sociais\/","url_meta":{"origin":349,"position":5},"title":"As 10 regras de ouro nas Redes Sociais","date":"19 de junho de 2010","format":false,"excerpt":"Regra #1: SEM SPAM! Em mai\u00fasculas e tudo. Toda pessoa ou empresa que pretenda ter sucesso nas redes sociais precisa ter credibilidade. Conquistar seguidores de maneira justa, sem disparar e-mails massivos ou links que n\u00e3o tenham nada a ver com sua lista de contatos. Todo mundo sabe que 2.0 \u00e9\u2026","rel":"","context":"Em &quot;Politica na Internet&quot;","img":{"alt_text":"","src":"","width":0,"height":0},"classes":[]}],"_links":{"self":[{"href":"https:\/\/jmtweb.net.br\/websites\/wp-json\/wp\/v2\/posts\/349"}],"collection":[{"href":"https:\/\/jmtweb.net.br\/websites\/wp-json\/wp\/v2\/posts"}],"about":[{"href":"https:\/\/jmtweb.net.br\/websites\/wp-json\/wp\/v2\/types\/post"}],"author":[{"embeddable":true,"href":"https:\/\/jmtweb.net.br\/websites\/wp-json\/wp\/v2\/users\/2"}],"replies":[{"embeddable":true,"href":"https:\/\/jmtweb.net.br\/websites\/wp-json\/wp\/v2\/comments?post=349"}],"version-history":[{"count":0,"href":"https:\/\/jmtweb.net.br\/websites\/wp-json\/wp\/v2\/posts\/349\/revisions"}],"wp:attachment":[{"href":"https:\/\/jmtweb.net.br\/websites\/wp-json\/wp\/v2\/media?parent=349"}],"wp:term":[{"taxonomy":"category","embeddable":true,"href":"https:\/\/jmtweb.net.br\/websites\/wp-json\/wp\/v2\/categories?post=349"},{"taxonomy":"post_tag","embeddable":true,"href":"https:\/\/jmtweb.net.br\/websites\/wp-json\/wp\/v2\/tags?post=349"}],"curies":[{"name":"wp","href":"https:\/\/api.w.org\/{rel}","templated":true}]}}