{"id":337,"date":"2011-09-05T08:17:51","date_gmt":"2011-09-05T08:17:51","guid":{"rendered":"http:\/\/jmtwebsolutions.wordpress.com\/?p=337"},"modified":"2011-09-05T08:17:51","modified_gmt":"2011-09-05T08:17:51","slug":"sera-o-final-da-wikileaks","status":"publish","type":"post","link":"https:\/\/jmtweb.net.br\/websites\/sera-o-final-da-wikileaks\/","title":{"rendered":"Ser\u00e1 o final da Wikileaks?"},"content":{"rendered":"<p><strong>Aqui tu faz, aqui tu paga!<\/strong><\/p>\n<p>Quando Julian Assange e a sua equipe no WikiLeaks enviavam as informa\u00e7\u00f5es dos vazamentos para a imprensa, era feita toda uma triagem com a remo\u00e7\u00e3o dos nomes de alguns dos envolvidos (nomes que poderiam causar danos s\u00e9rios a algu\u00e9m, inclusive amea\u00e7as de morte).<\/p>\n<p>Para evitar que isso ocorresse, tanto Assange quanto a comunidade envolvida filtravam as informa\u00e7\u00f5es antes de enviar para a imprensa.<\/p>\n<p>Recentemente, por\u00e9m, foi descoberto que toda a cole\u00e7\u00e3o do WikiLeaks, contendo mais de 250 mil documentos diplom\u00e1ticos est\u00e1 circulando em um arquivo cru, sem filtros nem an\u00e1lises pr\u00e9vias, e totalmente sem edi\u00e7\u00e3o. Gerou cr\u00edticas n\u00e3o apenas do governo dos Estados Unidos, mas tamb\u00e9m de outros governos e da pr\u00f3pria equipe do WikiLeaks.<\/p>\n<figure id=\"attachment_338\" aria-describedby=\"caption-attachment-338\" style=\"width: 460px\" class=\"wp-caption aligncenter\"><a href=\"https:\/\/i0.wp.com\/jmtweb.net.br\/websites\/wp-content\/uploads\/2011\/09\/wiki.jpg\"><img data-attachment-id=\"338\" data-permalink=\"https:\/\/jmtweb.net.br\/websites\/sera-o-final-da-wikileaks\/wiki\/\" data-orig-file=\"https:\/\/i0.wp.com\/jmtweb.net.br\/websites\/wp-content\/uploads\/2011\/09\/wiki.jpg?fit=690%2C170&amp;ssl=1\" data-orig-size=\"690,170\" data-comments-opened=\"1\" data-image-meta=\"{&quot;aperture&quot;:&quot;0&quot;,&quot;credit&quot;:&quot;&quot;,&quot;camera&quot;:&quot;&quot;,&quot;caption&quot;:&quot;&quot;,&quot;created_timestamp&quot;:&quot;0&quot;,&quot;copyright&quot;:&quot;&quot;,&quot;focal_length&quot;:&quot;0&quot;,&quot;iso&quot;:&quot;0&quot;,&quot;shutter_speed&quot;:&quot;0&quot;,&quot;title&quot;:&quot;&quot;,&quot;orientation&quot;:&quot;0&quot;}\" data-image-title=\"WikiLeaks \u00e9 v\u00edtima dos pr\u00f3prios vazamentos\" data-image-description=\"&lt;p&gt;WikiLeaks \u00e9 v\u00edtima dos pr\u00f3prios vazamentos&lt;\/p&gt;\n\" data-medium-file=\"https:\/\/i0.wp.com\/jmtweb.net.br\/websites\/wp-content\/uploads\/2011\/09\/wiki.jpg?fit=300%2C74&amp;ssl=1\" data-large-file=\"https:\/\/i0.wp.com\/jmtweb.net.br\/websites\/wp-content\/uploads\/2011\/09\/wiki.jpg?fit=525%2C129&amp;ssl=1\" decoding=\"async\" loading=\"lazy\" class=\"size-full wp-image-338\" title=\"WikiLeaks \u00e9 v\u00edtima dos pr\u00f3prios vazamentos\" src=\"https:\/\/i0.wp.com\/jmtweb.net.br\/websites\/wp-content\/uploads\/2011\/09\/wiki.jpg?resize=460%2C113\" alt=\"WikiLeaks \u00e9 v\u00edtima dos pr\u00f3prios vazamentos\" width=\"460\" height=\"113\" srcset=\"https:\/\/i0.wp.com\/jmtweb.net.br\/websites\/wp-content\/uploads\/2011\/09\/wiki.jpg?w=690&amp;ssl=1 690w, https:\/\/i0.wp.com\/jmtweb.net.br\/websites\/wp-content\/uploads\/2011\/09\/wiki.jpg?resize=300%2C74&amp;ssl=1 300w\" sizes=\"(max-width: 460px) 100vw, 460px\" data-recalc-dims=\"1\" \/><\/a><figcaption id=\"caption-attachment-338\" class=\"wp-caption-text\">WikiLeaks \u00e9 v\u00edtima dos pr\u00f3prios vazamentos<\/figcaption><\/figure>\n<p>Segundo David Leigh do jornal The Guardian, a rela\u00e7\u00e3o entre a imprensa e o WikiLeaks era \u201cbaseada em um contrato que permitia \u00e0 imprensa redigir os artigos antes de public\u00e1-los, e que nenhuma informa\u00e7\u00e3o seria publicada se n\u00e3o passasse por esse processo, a fim de evitar que informa\u00e7\u00f5es pessoais e que pudessem colocar as pessoas envolvidas em risco fossem publicadas\u201d.<\/p>\n<p>Tanto Assange quanto o WikiLeaks dizem que o culpado por esse vazamento \u00e9 o The Guardian. Mais especificamente o pr\u00f3prio Leigh, por ter publicado em um livro sobre a organiza\u00e7\u00e3o uma senha que permitia o acesso a todas as informa\u00e7\u00f5es dos documentos.<\/p>\n<p>At\u00e9 mesmo o militar acusado de colaborar para o vazamento das informa\u00e7\u00f5es, atualmente em pris\u00e3o militar dos Estados Unidos, est\u00e1 (dizem\u2026) desacreditado com a organiza\u00e7\u00e3o.<\/p>\n<p>Mesmo que isso signifique o fim do WikiLeaks, o site j\u00e1 alterou em muito o modo como enxerg\u00e1vamos certos fatos, al\u00e9m de dar visibilidade e derrubar muita gente. Sempre apoiei a organiza\u00e7\u00e3o e vi os benef\u00edcios que as suas publica\u00e7\u00f5es causaram no mundo.<\/p>\n<p>Vivemos uma \u00e9poca em que \u201csegredos de Estado\u201d que protegem apenas ao interesse do governo (ou a chamada \u201cseguran\u00e7a nacional\u201d) n\u00e3o s\u00e3o mais t\u00e3o confidenciais assim.<\/p>\n<p>fonte: <a href=\"http:\/\/www.tecnoblog.net\">www.tecnoblog.net<\/a><\/p>\n","protected":false},"excerpt":{"rendered":"<p>Aqui tu faz, aqui tu paga! Quando Julian Assange e a sua equipe no WikiLeaks enviavam as informa\u00e7\u00f5es dos vazamentos para a imprensa, era feita toda uma triagem com a remo\u00e7\u00e3o dos nomes de alguns dos envolvidos (nomes que poderiam causar danos s\u00e9rios a algu\u00e9m, inclusive amea\u00e7as de morte). Para evitar que isso ocorresse, tanto &hellip; <\/p>\n<p class=\"link-more\"><a href=\"https:\/\/jmtweb.net.br\/websites\/sera-o-final-da-wikileaks\/\" class=\"more-link\">Continue lendo<span class=\"screen-reader-text\"> &#8220;Ser\u00e1 o final da Wikileaks?&#8221;<\/span><\/a><\/p>\n","protected":false},"author":2,"featured_media":0,"comment_status":"open","ping_status":"open","sticky":false,"template":"","format":"standard","meta":{"spay_email":"","jetpack_publicize_message":"","jetpack_is_tweetstorm":false},"categories":[7],"tags":[91,114,190],"yoast_head":"<!-- This site is optimized with the Yoast SEO plugin v20.1 - https:\/\/yoast.com\/wordpress\/plugins\/seo\/ -->\r\n<title>Ser\u00e1 o final da Wikileaks? | JMT Cria\u00e7\u00e3o de Sites<\/title>\r\n<meta name=\"robots\" content=\"index, follow, max-snippet:-1, max-image-preview:large, max-video-preview:-1\" \/>\r\n<link rel=\"canonical\" href=\"https:\/\/jmtweb.net.br\/websites\/sera-o-final-da-wikileaks\/\" \/>\r\n<meta property=\"og:locale\" content=\"pt_BR\" \/>\r\n<meta property=\"og:type\" content=\"article\" \/>\r\n<meta property=\"og:title\" content=\"Ser\u00e1 o final da Wikileaks? | JMT Cria\u00e7\u00e3o de Sites\" \/>\r\n<meta property=\"og:description\" content=\"Aqui tu faz, aqui tu paga! Quando Julian Assange e a sua equipe no WikiLeaks enviavam as informa\u00e7\u00f5es dos vazamentos para a imprensa, era feita toda uma triagem com a remo\u00e7\u00e3o dos nomes de alguns dos envolvidos (nomes que poderiam causar danos s\u00e9rios a algu\u00e9m, inclusive amea\u00e7as de morte). Para evitar que isso ocorresse, tanto &hellip; Continue lendo &quot;Ser\u00e1 o final da Wikileaks?&quot;\" \/>\r\n<meta property=\"og:url\" content=\"https:\/\/jmtweb.net.br\/websites\/sera-o-final-da-wikileaks\/\" \/>\r\n<meta property=\"og:site_name\" content=\"JMT Cria\u00e7\u00e3o de Sites\" \/>\r\n<meta property=\"article:publisher\" content=\"https:\/\/www.facebook.com\/JMTWebsolutions\/\" \/>\r\n<meta property=\"article:published_time\" content=\"2011-09-05T08:17:51+00:00\" \/>\r\n<meta property=\"og:image\" content=\"http:\/\/jmtweb.net.br\/websites\/wp-content\/uploads\/2011\/09\/wiki.jpg\" \/>\r\n<meta name=\"author\" content=\"JMT Criacao de Sites\" \/>\r\n<meta name=\"twitter:card\" content=\"summary_large_image\" \/>\r\n<meta name=\"twitter:creator\" content=\"@jmtwebsolutions\" \/>\r\n<meta name=\"twitter:site\" content=\"@jmtwebsolutions\" \/>\r\n<meta name=\"twitter:label1\" content=\"Escrito por\" \/>\n\t<meta name=\"twitter:data1\" content=\"JMT Criacao de Sites\" \/>\n\t<meta name=\"twitter:label2\" content=\"Est. tempo de leitura\" \/>\n\t<meta name=\"twitter:data2\" content=\"2 minutos\" \/>\r\n<script type=\"application\/ld+json\" class=\"yoast-schema-graph\">{\"@context\":\"https:\/\/schema.org\",\"@graph\":[{\"@type\":\"Article\",\"@id\":\"https:\/\/jmtweb.net.br\/websites\/sera-o-final-da-wikileaks\/#article\",\"isPartOf\":{\"@id\":\"https:\/\/jmtweb.net.br\/websites\/sera-o-final-da-wikileaks\/\"},\"author\":{\"name\":\"JMT Criacao de Sites\",\"@id\":\"https:\/\/jmtweb.net.br\/websites\/#\/schema\/person\/28c4a357100a38bba0ebb7b210a489db\"},\"headline\":\"Ser\u00e1 o final da Wikileaks?\",\"datePublished\":\"2011-09-05T08:17:51+00:00\",\"dateModified\":\"2011-09-05T08:17:51+00:00\",\"mainEntityOfPage\":{\"@id\":\"https:\/\/jmtweb.net.br\/websites\/sera-o-final-da-wikileaks\/\"},\"wordCount\":374,\"commentCount\":1,\"publisher\":{\"@id\":\"https:\/\/jmtweb.net.br\/websites\/#organization\"},\"keywords\":[\"Internet\",\"Noticias\",\"wikileaks\"],\"articleSection\":[\"Denuncias\"],\"inLanguage\":\"pt-BR\",\"potentialAction\":[{\"@type\":\"CommentAction\",\"name\":\"Comment\",\"target\":[\"https:\/\/jmtweb.net.br\/websites\/sera-o-final-da-wikileaks\/#respond\"]}]},{\"@type\":\"WebPage\",\"@id\":\"https:\/\/jmtweb.net.br\/websites\/sera-o-final-da-wikileaks\/\",\"url\":\"https:\/\/jmtweb.net.br\/websites\/sera-o-final-da-wikileaks\/\",\"name\":\"Ser\u00e1 o final da Wikileaks? | JMT Cria\u00e7\u00e3o de Sites\",\"isPartOf\":{\"@id\":\"https:\/\/jmtweb.net.br\/websites\/#website\"},\"datePublished\":\"2011-09-05T08:17:51+00:00\",\"dateModified\":\"2011-09-05T08:17:51+00:00\",\"breadcrumb\":{\"@id\":\"https:\/\/jmtweb.net.br\/websites\/sera-o-final-da-wikileaks\/#breadcrumb\"},\"inLanguage\":\"pt-BR\",\"potentialAction\":[{\"@type\":\"ReadAction\",\"target\":[\"https:\/\/jmtweb.net.br\/websites\/sera-o-final-da-wikileaks\/\"]}]},{\"@type\":\"BreadcrumbList\",\"@id\":\"https:\/\/jmtweb.net.br\/websites\/sera-o-final-da-wikileaks\/#breadcrumb\",\"itemListElement\":[{\"@type\":\"ListItem\",\"position\":1,\"name\":\"Home\",\"item\":\"https:\/\/jmtweb.net.br\/websites\/\"},{\"@type\":\"ListItem\",\"position\":2,\"name\":\"Ser\u00e1 o final da Wikileaks?\"}]},{\"@type\":\"WebSite\",\"@id\":\"https:\/\/jmtweb.net.br\/websites\/#website\",\"url\":\"https:\/\/jmtweb.net.br\/websites\/\",\"name\":\"JMT Cria\u00e7\u00e3o de Sites\",\"description\":\"Desenvolvimento de sistemas web\",\"publisher\":{\"@id\":\"https:\/\/jmtweb.net.br\/websites\/#organization\"},\"potentialAction\":[{\"@type\":\"SearchAction\",\"target\":{\"@type\":\"EntryPoint\",\"urlTemplate\":\"https:\/\/jmtweb.net.br\/websites\/?s={search_term_string}\"},\"query-input\":\"required name=search_term_string\"}],\"inLanguage\":\"pt-BR\"},{\"@type\":\"Organization\",\"@id\":\"https:\/\/jmtweb.net.br\/websites\/#organization\",\"name\":\"JMT Cria\u00e7\u00e3o de Sites\",\"url\":\"https:\/\/jmtweb.net.br\/websites\/\",\"logo\":{\"@type\":\"ImageObject\",\"inLanguage\":\"pt-BR\",\"@id\":\"https:\/\/jmtweb.net.br\/websites\/#\/schema\/logo\/image\/\",\"url\":\"https:\/\/i0.wp.com\/jmtweb.net.br\/websites\/wp-content\/uploads\/2017\/06\/logo.png?fit=500%2C500&ssl=1\",\"contentUrl\":\"https:\/\/i0.wp.com\/jmtweb.net.br\/websites\/wp-content\/uploads\/2017\/06\/logo.png?fit=500%2C500&ssl=1\",\"width\":500,\"height\":500,\"caption\":\"JMT Cria\u00e7\u00e3o de Sites\"},\"image\":{\"@id\":\"https:\/\/jmtweb.net.br\/websites\/#\/schema\/logo\/image\/\"},\"sameAs\":[\"https:\/\/www.facebook.com\/JMTWebsolutions\/\",\"https:\/\/twitter.com\/jmtwebsolutions\",\"https:\/\/www.linkedin.com\/company\/jmt-web-solutions\",\"https:\/\/www.youtube.com\/channel\/UCbf_7MVzEaTrZ-Bni9rs0Dw\"]},{\"@type\":\"Person\",\"@id\":\"https:\/\/jmtweb.net.br\/websites\/#\/schema\/person\/28c4a357100a38bba0ebb7b210a489db\",\"name\":\"JMT Criacao de Sites\",\"image\":{\"@type\":\"ImageObject\",\"inLanguage\":\"pt-BR\",\"@id\":\"https:\/\/jmtweb.net.br\/websites\/#\/schema\/person\/image\/\",\"url\":\"https:\/\/secure.gravatar.com\/avatar\/587eff10a81dc390c2a1066632639bf9?s=96&d=mm&r=g\",\"contentUrl\":\"https:\/\/secure.gravatar.com\/avatar\/587eff10a81dc390c2a1066632639bf9?s=96&d=mm&r=g\",\"caption\":\"JMT Criacao de Sites\"},\"sameAs\":[\"http:\/\/jmtweb.net.br\"],\"url\":\"https:\/\/jmtweb.net.br\/websites\/author\/jmt-criacao-de-sites\/\"}]}<\/script>\r\n<!-- \/ Yoast SEO plugin. -->","yoast_head_json":{"title":"Ser\u00e1 o final da Wikileaks? | JMT Cria\u00e7\u00e3o de Sites","robots":{"index":"index","follow":"follow","max-snippet":"max-snippet:-1","max-image-preview":"max-image-preview:large","max-video-preview":"max-video-preview:-1"},"canonical":"https:\/\/jmtweb.net.br\/websites\/sera-o-final-da-wikileaks\/","og_locale":"pt_BR","og_type":"article","og_title":"Ser\u00e1 o final da Wikileaks? | JMT Cria\u00e7\u00e3o de Sites","og_description":"Aqui tu faz, aqui tu paga! Quando Julian Assange e a sua equipe no WikiLeaks enviavam as informa\u00e7\u00f5es dos vazamentos para a imprensa, era feita toda uma triagem com a remo\u00e7\u00e3o dos nomes de alguns dos envolvidos (nomes que poderiam causar danos s\u00e9rios a algu\u00e9m, inclusive amea\u00e7as de morte). Para evitar que isso ocorresse, tanto &hellip; Continue lendo \"Ser\u00e1 o final da Wikileaks?\"","og_url":"https:\/\/jmtweb.net.br\/websites\/sera-o-final-da-wikileaks\/","og_site_name":"JMT Cria\u00e7\u00e3o de Sites","article_publisher":"https:\/\/www.facebook.com\/JMTWebsolutions\/","article_published_time":"2011-09-05T08:17:51+00:00","og_image":[{"url":"http:\/\/jmtweb.net.br\/websites\/wp-content\/uploads\/2011\/09\/wiki.jpg"}],"author":"JMT Criacao de Sites","twitter_card":"summary_large_image","twitter_creator":"@jmtwebsolutions","twitter_site":"@jmtwebsolutions","twitter_misc":{"Escrito por":"JMT Criacao de Sites","Est. tempo de leitura":"2 minutos"},"schema":{"@context":"https:\/\/schema.org","@graph":[{"@type":"Article","@id":"https:\/\/jmtweb.net.br\/websites\/sera-o-final-da-wikileaks\/#article","isPartOf":{"@id":"https:\/\/jmtweb.net.br\/websites\/sera-o-final-da-wikileaks\/"},"author":{"name":"JMT Criacao de Sites","@id":"https:\/\/jmtweb.net.br\/websites\/#\/schema\/person\/28c4a357100a38bba0ebb7b210a489db"},"headline":"Ser\u00e1 o final da Wikileaks?","datePublished":"2011-09-05T08:17:51+00:00","dateModified":"2011-09-05T08:17:51+00:00","mainEntityOfPage":{"@id":"https:\/\/jmtweb.net.br\/websites\/sera-o-final-da-wikileaks\/"},"wordCount":374,"commentCount":1,"publisher":{"@id":"https:\/\/jmtweb.net.br\/websites\/#organization"},"keywords":["Internet","Noticias","wikileaks"],"articleSection":["Denuncias"],"inLanguage":"pt-BR","potentialAction":[{"@type":"CommentAction","name":"Comment","target":["https:\/\/jmtweb.net.br\/websites\/sera-o-final-da-wikileaks\/#respond"]}]},{"@type":"WebPage","@id":"https:\/\/jmtweb.net.br\/websites\/sera-o-final-da-wikileaks\/","url":"https:\/\/jmtweb.net.br\/websites\/sera-o-final-da-wikileaks\/","name":"Ser\u00e1 o final da Wikileaks? | JMT Cria\u00e7\u00e3o de Sites","isPartOf":{"@id":"https:\/\/jmtweb.net.br\/websites\/#website"},"datePublished":"2011-09-05T08:17:51+00:00","dateModified":"2011-09-05T08:17:51+00:00","breadcrumb":{"@id":"https:\/\/jmtweb.net.br\/websites\/sera-o-final-da-wikileaks\/#breadcrumb"},"inLanguage":"pt-BR","potentialAction":[{"@type":"ReadAction","target":["https:\/\/jmtweb.net.br\/websites\/sera-o-final-da-wikileaks\/"]}]},{"@type":"BreadcrumbList","@id":"https:\/\/jmtweb.net.br\/websites\/sera-o-final-da-wikileaks\/#breadcrumb","itemListElement":[{"@type":"ListItem","position":1,"name":"Home","item":"https:\/\/jmtweb.net.br\/websites\/"},{"@type":"ListItem","position":2,"name":"Ser\u00e1 o final da Wikileaks?"}]},{"@type":"WebSite","@id":"https:\/\/jmtweb.net.br\/websites\/#website","url":"https:\/\/jmtweb.net.br\/websites\/","name":"JMT Cria\u00e7\u00e3o de Sites","description":"Desenvolvimento de sistemas web","publisher":{"@id":"https:\/\/jmtweb.net.br\/websites\/#organization"},"potentialAction":[{"@type":"SearchAction","target":{"@type":"EntryPoint","urlTemplate":"https:\/\/jmtweb.net.br\/websites\/?s={search_term_string}"},"query-input":"required name=search_term_string"}],"inLanguage":"pt-BR"},{"@type":"Organization","@id":"https:\/\/jmtweb.net.br\/websites\/#organization","name":"JMT Cria\u00e7\u00e3o de Sites","url":"https:\/\/jmtweb.net.br\/websites\/","logo":{"@type":"ImageObject","inLanguage":"pt-BR","@id":"https:\/\/jmtweb.net.br\/websites\/#\/schema\/logo\/image\/","url":"https:\/\/i0.wp.com\/jmtweb.net.br\/websites\/wp-content\/uploads\/2017\/06\/logo.png?fit=500%2C500&ssl=1","contentUrl":"https:\/\/i0.wp.com\/jmtweb.net.br\/websites\/wp-content\/uploads\/2017\/06\/logo.png?fit=500%2C500&ssl=1","width":500,"height":500,"caption":"JMT Cria\u00e7\u00e3o de Sites"},"image":{"@id":"https:\/\/jmtweb.net.br\/websites\/#\/schema\/logo\/image\/"},"sameAs":["https:\/\/www.facebook.com\/JMTWebsolutions\/","https:\/\/twitter.com\/jmtwebsolutions","https:\/\/www.linkedin.com\/company\/jmt-web-solutions","https:\/\/www.youtube.com\/channel\/UCbf_7MVzEaTrZ-Bni9rs0Dw"]},{"@type":"Person","@id":"https:\/\/jmtweb.net.br\/websites\/#\/schema\/person\/28c4a357100a38bba0ebb7b210a489db","name":"JMT Criacao de Sites","image":{"@type":"ImageObject","inLanguage":"pt-BR","@id":"https:\/\/jmtweb.net.br\/websites\/#\/schema\/person\/image\/","url":"https:\/\/secure.gravatar.com\/avatar\/587eff10a81dc390c2a1066632639bf9?s=96&d=mm&r=g","contentUrl":"https:\/\/secure.gravatar.com\/avatar\/587eff10a81dc390c2a1066632639bf9?s=96&d=mm&r=g","caption":"JMT Criacao de Sites"},"sameAs":["http:\/\/jmtweb.net.br"],"url":"https:\/\/jmtweb.net.br\/websites\/author\/jmt-criacao-de-sites\/"}]}},"jetpack_featured_media_url":"","jetpack_publicize_connections":[],"jetpack_sharing_enabled":true,"jetpack_shortlink":"https:\/\/wp.me\/p9cz9S-5r","jetpack_likes_enabled":true,"jetpack-related-posts":[{"id":15,"url":"https:\/\/jmtweb.net.br\/websites\/15\/","url_meta":{"origin":337,"position":0},"title":"Processo de Libera\u00e7\u00e3o de dom\u00ednios","date":"6 de junho de 2010","format":false,"excerpt":"Dom\u00ednios em processo de libera\u00e7\u00e3o ter\u00e3o como resultado da pesquisa, uma das seguintes mensagens: \"Dom\u00ednio n\u00e3o pode ser registrado por estar aguardando o in\u00edcio do processo de libera\u00e7\u00e3o\". \"Dom\u00ednio dispon\u00edvel para registro. Processo de libera\u00e7\u00e3o de <data e hora inicial> a <data e hora final>\". A interface de verifica\u00e7\u00e3o de\u2026","rel":"","context":"Em &quot;Noticias&quot;","img":{"alt_text":"","src":"","width":0,"height":0},"classes":[]},{"id":92,"url":"https:\/\/jmtweb.net.br\/websites\/as-10-regras-de-ouro-nas-redes-sociais\/","url_meta":{"origin":337,"position":1},"title":"As 10 regras de ouro nas Redes Sociais","date":"19 de junho de 2010","format":false,"excerpt":"Regra #1: SEM SPAM! Em mai\u00fasculas e tudo. Toda pessoa ou empresa que pretenda ter sucesso nas redes sociais precisa ter credibilidade. Conquistar seguidores de maneira justa, sem disparar e-mails massivos ou links que n\u00e3o tenham nada a ver com sua lista de contatos. Todo mundo sabe que 2.0 \u00e9\u2026","rel":"","context":"Em &quot;Politica na Internet&quot;","img":{"alt_text":"","src":"","width":0,"height":0},"classes":[]},{"id":1080,"url":"https:\/\/jmtweb.net.br\/websites\/empreendedores-que-apostam-em-crm-podem-fazer-o-negocio-crescer\/","url_meta":{"origin":337,"position":2},"title":"Empreendedores que apostam em CRM podem fazer o neg\u00f3cio crescer","date":"26 de fevereiro de 2018","format":false,"excerpt":"Plataforma contribui com a melhoria de atendimento a clientes e na organiza\u00e7\u00e3o de demandas Problemas na comunica\u00e7\u00e3o, em organiza\u00e7\u00e3o de demandas, no atendimento, no acompanhamento de equipes, prazos perdidos, essas s\u00e3o apenas algumas das consequ\u00eancias que a falta de organiza\u00e7\u00e3o pode acarretar dentro de uma empresa. S\u00e3o muitas informa\u00e7\u00f5es no\u2026","rel":"","context":"Em &quot;Clientes&quot;","img":{"alt_text":"Sistemas CRM","src":"https:\/\/i2.wp.com\/jmtweb.net.br\/websites\/wp-content\/uploads\/2018\/02\/crm-para-empresas.jpeg?fit=1200%2C630&ssl=1&resize=350%2C200","width":350,"height":200},"classes":[]},{"id":679,"url":"https:\/\/jmtweb.net.br\/websites\/desfazer-migracao-da-pagina-para-perfil\/","url_meta":{"origin":337,"position":3},"title":"Desfazer migra\u00e7\u00e3o da p\u00e1gina para perfil no facebook.","date":"19 de abril de 2013","format":false,"excerpt":"Como reverter a\u00a0migra\u00e7\u00e3o\u00a0da p\u00e1gina para perfil? Se voc\u00ea se arrependeu ou migrou seu perfil para\u00a0Fan-Page\u00a0sem querer, veja as dicas. Entre no seu facebook com sua conta da fan page. Clicar aqu\u00ed Preencher o formul\u00e1rio. Ap\u00f3s a sua solicita\u00e7\u00e3o uma equipe de facebook revisar\u00e1 seu pedido. ATEN\u00c7\u00c3O!!! \u00a0se voc\u00ea fizer o\u2026","rel":"","context":"Em &quot;Facebook&quot;","img":{"alt_text":"","src":"","width":0,"height":0},"classes":[]},{"id":928,"url":"https:\/\/jmtweb.net.br\/websites\/juiz-multa-pre-candidato-a-vereador-do-pv-por-propaganda-na-internet\/","url_meta":{"origin":337,"position":4},"title":"Juiz multa pr\u00e9-candidato a vereador do PV por propaganda na internet","date":"12 de agosto de 2016","format":false,"excerpt":"O juiz Coordenador da Propaganda Eleitoral, Clic\u00e9rio Bezerra e Silva, do Tribunal Regional Eleitoral de Pernambuco (TRE-PE), condenou o pr\u00e9-candidato Jos\u00e9 de Lemos Vasconcelos Neto (PV) a pagar multa de R$ 45 mil por propaganda eleitoral antecipada por meio de publicidade paga na internet. De acordo com as representa\u00e7\u00f5es, no\u2026","rel":"","context":"Em &quot;Dicas&quot;","img":{"alt_text":"o que pode e nao pode nas eleicoes 2016","src":"https:\/\/i2.wp.com\/jmtweb.net.br\/websites\/wp-content\/uploads\/2016\/08\/o-que-pode-e-nao-pode-nas-eleicoes-2016.png?fit=698%2C419&ssl=1&resize=350%2C200","width":350,"height":200},"classes":[]},{"id":1065,"url":"https:\/\/jmtweb.net.br\/websites\/hospedagem-gratis-ou-de-pago\/","url_meta":{"origin":337,"position":5},"title":"Hospedagem de pago ou gratuita?","date":"5 de novembro de 2017","format":false,"excerpt":"Muitos de nossos clientes que come\u00e7am nesse mundo virtual, tem medo de colocar na bagagem despesas fixas sem saber muito bem o que est\u00e1 sendo pago. A primeira coisa a decidir \u00e9 o tipo de hospedagem onde vamos alocar nosso site para que ele esteja dispon\u00edvel para todos os usu\u00e1rios.\u2026","rel":"","context":"Em &quot;Clientes&quot;","img":{"alt_text":"","src":"https:\/\/i1.wp.com\/jmtweb.net.br\/websites\/wp-content\/uploads\/2017\/11\/IMAGEM_POST_HOSPEDAGEM.png?fit=952%2C439&ssl=1&resize=350%2C200","width":350,"height":200},"classes":[]}],"_links":{"self":[{"href":"https:\/\/jmtweb.net.br\/websites\/wp-json\/wp\/v2\/posts\/337"}],"collection":[{"href":"https:\/\/jmtweb.net.br\/websites\/wp-json\/wp\/v2\/posts"}],"about":[{"href":"https:\/\/jmtweb.net.br\/websites\/wp-json\/wp\/v2\/types\/post"}],"author":[{"embeddable":true,"href":"https:\/\/jmtweb.net.br\/websites\/wp-json\/wp\/v2\/users\/2"}],"replies":[{"embeddable":true,"href":"https:\/\/jmtweb.net.br\/websites\/wp-json\/wp\/v2\/comments?post=337"}],"version-history":[{"count":0,"href":"https:\/\/jmtweb.net.br\/websites\/wp-json\/wp\/v2\/posts\/337\/revisions"}],"wp:attachment":[{"href":"https:\/\/jmtweb.net.br\/websites\/wp-json\/wp\/v2\/media?parent=337"}],"wp:term":[{"taxonomy":"category","embeddable":true,"href":"https:\/\/jmtweb.net.br\/websites\/wp-json\/wp\/v2\/categories?post=337"},{"taxonomy":"post_tag","embeddable":true,"href":"https:\/\/jmtweb.net.br\/websites\/wp-json\/wp\/v2\/tags?post=337"}],"curies":[{"name":"wp","href":"https:\/\/api.w.org\/{rel}","templated":true}]}}