{"id":189,"date":"2010-07-23T17:36:51","date_gmt":"2010-07-23T17:36:51","guid":{"rendered":"http:\/\/jmtwebsolutions.wordpress.com\/?p=189"},"modified":"2010-07-23T17:36:51","modified_gmt":"2010-07-23T17:36:51","slug":"facebook-atinge-500-milhoes-de-usuarios","status":"publish","type":"post","link":"https:\/\/jmtweb.net.br\/websites\/facebook-atinge-500-milhoes-de-usuarios\/","title":{"rendered":"Facebook &#8211; Atinge 500 milh\u00f5es de usu\u00e1rios"},"content":{"rendered":"<p>O Facebook anunciou nesta quarta-feira que atingiu a marca de 500 milh\u00f5es de usu\u00e1rios em todo o planeta. \u00c9 a maior rede social do mundo, uma comunidade superior ao n\u00famero de usu\u00e1rios de internet na China, que tem 420 milh\u00f5es de pessoas. Confira no gr\u00e1fico, a curva de crescimento da rede.\u00a0<\/p>\n<figure style=\"width: 428px\" class=\"wp-caption alignnone\"><img decoding=\"async\" loading=\"lazy\" title=\"500 milhoes de usuarios\" src=\"https:\/\/i0.wp.com\/veja.abril.com.br\/assets\/pictures\/13556\/a-maior-rede-size-620.jpg?resize=428%2C266\" alt=\"Facebook atinge 500 milh\u00f5es de usu\u00e1rios no planeta\" width=\"428\" height=\"266\" data-recalc-dims=\"1\" \/><figcaption class=\"wp-caption-text\">Facebook atinge 500 milh\u00f5es de usu\u00e1rios no planeta<\/figcaption><\/figure>\n<p>\u00a0<\/p>\n<p>Nascida em 2003 a partir do projeto de Mark Zuckerberg, um estudante da Universidade de Harvard, o Facebook\u00a0virou tema de estudos, teses e teorias. Uma das obras mais populares sobre o assunto, o livro The\u00a0Facebook\u00a0Effect: The\u00a0Inside\u00a0Story\u00a0of\u00a0the\u00a0Company\u00a0That\u00a0is Connecting\u00a0the\u00a0World, de David Kirkpatrick, arrisca um palpite para explicar seu sucesso &#8211; argumento que, ali\u00e1s, \u00e9 defendido tamb\u00e9m por Zuckerberg: \u201cCompartilhar informa\u00e7\u00f5es e tornar a vida p\u00fablica nos faz pessoas melhores\u201d. H\u00e1 quem discorde do jovem, hoje com 26 anos. No entanto, \u00e9 certo que mais de 500 milh\u00f5es de usu\u00e1rios da internet compartilham da opini\u00e3o.\u00a0<\/p>\n<p>S\u00e9rgio Valente, presidente da ag\u00eancia DM9DDB, acrescentas mais raz\u00f5es para o sucesso &#8211; em especial no mercado dos Estados Unidos. Para ele, os americanos est\u00e3o habituados a interagir, principalmente no meio acad\u00eamico. A cultura da fraternidade, explica o executivo, impulsionou o Facebook, primeiro entre as universidades e col\u00e9gios, depois entre o p\u00fablico que terminava sua gradua\u00e7\u00e3o. \u201cEu mesmo entrei na rede h\u00e1 seis anos, enquanto estudava em Harvard. A minha turma decidiu montar um grupo no Facebook e todo mundo achou que seria interessante fazer parte da rede\u201d.\u00a0<\/p>\n<p>Para Andre\u00a0Deak, professor e diretor da empresa de estrat\u00e9gia de comunica\u00e7\u00e3o digital FLi\u00a0Multim\u00eddia, os n\u00fameros impressionantes do Facebook sugerem que a internet \u00e9, de alguma forma, uma grande rede social. \u201cAs pessoas est\u00e3o buscando not\u00edcias e tirando d\u00favidas nas redes, e isso pode ser uma tend\u00eancia bastante significativa para o restante da web\u201d, explica.\u00a0<\/p>\n<p>Fernando Taralli, presidente da Energy, ag\u00eancia do Grupo Newcomm, encontra na tecnologia o segredo do sucesso do Facebook. Para ele, a rede desenvolvida por Zuckerberg\u00a0possui as melhores funcionalidades. Al\u00e9m de ser uma plataforma aberta, que pode ser usada como base para milhares de desenvolvedores em todo o mundo na cria\u00e7\u00e3o de aplicativos e ferramentas, a rede foi amplamente distribu\u00edda em diferentes canais (sites, blogs) e ganhou uma vers\u00e3o para celular, que permite aos seus usu\u00e1rios conex\u00e3o 24 horas por dia, sete dias por semana.\u00a0<\/p>\n<p><strong>Brasil<\/strong>\u00a0\u2013 Com n\u00fameros expressivos em v\u00e1rias partes do mundo, surge uma indaga\u00e7\u00e3o: por que a rede de Zuckerberg\u00a0ainda tem presen\u00e7a t\u00edmida no Brasil? Estimativas n\u00e3o oficiais apontam que 4,6 milh\u00f5es de pessoas no pa\u00eds fazem parte da comunidade on-line, ante aproximadamente 50 milh\u00f5es que est\u00e3o interagindo pelo Orkut, o site de relacionamento mais popular do Brasil.\u00a0<\/p>\n<p>Deak aponta peculiaridades locais para explicar isso. \u201cO Orkut j\u00e1 se tornou uma rede social consolidada no Brasil. \u00c9 dif\u00edcil agora esperar que as pessoas aprendam a usar outra rede, com novas regras e interface&#8221;, diz. &#8220;\u00c9 uma situa\u00e7\u00e3o parecida com a que acontece com o Windows: apesar de existirem softwares livres, os usu\u00e1rios foram &#8216;alfabetizados&#8217; pelo sistema operacional da Microsoft e se sentem confort\u00e1veis com ele\u201d.\u00a0<\/p>\n<p>Para Gian\u00a0Giardelli, especialista em m\u00eddia digital, o Facebook\u00a0n\u00e3o cresce no pa\u00eds por uma \u00fanica raz\u00e3o: seu principal concorrente, o Orkut, foi respons\u00e1vel por um processo importante de inclus\u00e3o social \u2013 e n\u00e3o digital. \u201cAs pessoas usam a rede como telefone, para se conectar, por meio dos scraps&#8221;, diz. &#8220;Al\u00e9m disso, os usu\u00e1rios publicam l\u00e1 suas fotos e ficam com receio de migrar para outra rede e perder seus amigos\u201d.\u00a0<\/p>\n<p>J\u00e1 Valente acredita que o obst\u00e1culo \u00e9 mesmo o formato da rede. \u201cO Facebook surgiu para que grupos debatessem\u00a0assuntos de interesse comum&#8221;, aposta. &#8220;J\u00e1 o Orkut foi desenvolvido para que as pessoas se expusessem na rede e fizessem amigos, uma caracter\u00edstica universal da nossa cultura\u201d.\u00a0<\/p>\n<p>fonte: <a href=\"http:\/\/veja.abril.com.br\/\">http:\/\/veja.abril.com.br\/<\/a><\/p>\n","protected":false},"excerpt":{"rendered":"<p>O Facebook anunciou nesta quarta-feira que atingiu a marca de 500 milh\u00f5es de usu\u00e1rios em todo o planeta. \u00c9 a maior rede social do mundo, uma comunidade superior ao n\u00famero de usu\u00e1rios de internet na China, que tem 420 milh\u00f5es de pessoas. Confira no gr\u00e1fico, a curva de crescimento da rede.\u00a0 \u00a0 Nascida em 2003 &hellip; <\/p>\n<p class=\"link-more\"><a href=\"https:\/\/jmtweb.net.br\/websites\/facebook-atinge-500-milhoes-de-usuarios\/\" class=\"more-link\">Continue lendo<span class=\"screen-reader-text\"> &#8220;Facebook &#8211; Atinge 500 milh\u00f5es de usu\u00e1rios&#8221;<\/span><\/a><\/p>\n","protected":false},"author":2,"featured_media":0,"comment_status":"open","ping_status":"open","sticky":false,"template":"","format":"standard","meta":{"spay_email":"","jetpack_publicize_message":"","jetpack_is_tweetstorm":false},"categories":[14,18,20],"tags":[74,145],"yoast_head":"<!-- This site is optimized with the Yoast SEO plugin v20.1 - https:\/\/yoast.com\/wordpress\/plugins\/seo\/ -->\r\n<title>Facebook - Atinge 500 milh\u00f5es de usu\u00e1rios | JMT Cria\u00e7\u00e3o de Sites<\/title>\r\n<meta name=\"robots\" content=\"index, follow, max-snippet:-1, max-image-preview:large, max-video-preview:-1\" \/>\r\n<link rel=\"canonical\" href=\"https:\/\/jmtweb.net.br\/websites\/facebook-atinge-500-milhoes-de-usuarios\/\" \/>\r\n<meta property=\"og:locale\" content=\"pt_BR\" \/>\r\n<meta property=\"og:type\" content=\"article\" \/>\r\n<meta property=\"og:title\" content=\"Facebook - Atinge 500 milh\u00f5es de usu\u00e1rios | JMT Cria\u00e7\u00e3o de Sites\" \/>\r\n<meta property=\"og:description\" content=\"O Facebook anunciou nesta quarta-feira que atingiu a marca de 500 milh\u00f5es de usu\u00e1rios em todo o planeta. \u00c9 a maior rede social do mundo, uma comunidade superior ao n\u00famero de usu\u00e1rios de internet na China, que tem 420 milh\u00f5es de pessoas. Confira no gr\u00e1fico, a curva de crescimento da rede.\u00a0 \u00a0 Nascida em 2003 &hellip; Continue lendo &quot;Facebook &#8211; Atinge 500 milh\u00f5es de usu\u00e1rios&quot;\" \/>\r\n<meta property=\"og:url\" content=\"https:\/\/jmtweb.net.br\/websites\/facebook-atinge-500-milhoes-de-usuarios\/\" \/>\r\n<meta property=\"og:site_name\" content=\"JMT Cria\u00e7\u00e3o de Sites\" \/>\r\n<meta property=\"article:publisher\" content=\"https:\/\/www.facebook.com\/JMTWebsolutions\/\" \/>\r\n<meta property=\"article:published_time\" content=\"2010-07-23T17:36:51+00:00\" \/>\r\n<meta property=\"og:image\" content=\"http:\/\/veja.abril.com.br\/assets\/pictures\/13556\/a-maior-rede-size-620.jpg\" \/>\r\n<meta name=\"author\" content=\"JMT Criacao de Sites\" \/>\r\n<meta name=\"twitter:card\" content=\"summary_large_image\" \/>\r\n<meta name=\"twitter:creator\" content=\"@jmtwebsolutions\" \/>\r\n<meta name=\"twitter:site\" content=\"@jmtwebsolutions\" \/>\r\n<meta name=\"twitter:label1\" content=\"Escrito por\" \/>\n\t<meta name=\"twitter:data1\" content=\"JMT Criacao de Sites\" \/>\n\t<meta name=\"twitter:label2\" content=\"Est. tempo de leitura\" \/>\n\t<meta name=\"twitter:data2\" content=\"4 minutos\" \/>\r\n<script type=\"application\/ld+json\" class=\"yoast-schema-graph\">{\"@context\":\"https:\/\/schema.org\",\"@graph\":[{\"@type\":\"Article\",\"@id\":\"https:\/\/jmtweb.net.br\/websites\/facebook-atinge-500-milhoes-de-usuarios\/#article\",\"isPartOf\":{\"@id\":\"https:\/\/jmtweb.net.br\/websites\/facebook-atinge-500-milhoes-de-usuarios\/\"},\"author\":{\"name\":\"JMT Criacao de Sites\",\"@id\":\"https:\/\/jmtweb.net.br\/websites\/#\/schema\/person\/28c4a357100a38bba0ebb7b210a489db\"},\"headline\":\"Facebook &#8211; Atinge 500 milh\u00f5es de usu\u00e1rios\",\"datePublished\":\"2010-07-23T17:36:51+00:00\",\"dateModified\":\"2010-07-23T17:36:51+00:00\",\"mainEntityOfPage\":{\"@id\":\"https:\/\/jmtweb.net.br\/websites\/facebook-atinge-500-milhoes-de-usuarios\/\"},\"wordCount\":701,\"commentCount\":0,\"publisher\":{\"@id\":\"https:\/\/jmtweb.net.br\/websites\/#organization\"},\"keywords\":[\"facebook\",\"redes sociais\"],\"articleSection\":[\"Noticias\",\"Redes Sociais\",\"SEO news\"],\"inLanguage\":\"pt-BR\",\"potentialAction\":[{\"@type\":\"CommentAction\",\"name\":\"Comment\",\"target\":[\"https:\/\/jmtweb.net.br\/websites\/facebook-atinge-500-milhoes-de-usuarios\/#respond\"]}]},{\"@type\":\"WebPage\",\"@id\":\"https:\/\/jmtweb.net.br\/websites\/facebook-atinge-500-milhoes-de-usuarios\/\",\"url\":\"https:\/\/jmtweb.net.br\/websites\/facebook-atinge-500-milhoes-de-usuarios\/\",\"name\":\"Facebook - Atinge 500 milh\u00f5es de usu\u00e1rios | JMT Cria\u00e7\u00e3o de Sites\",\"isPartOf\":{\"@id\":\"https:\/\/jmtweb.net.br\/websites\/#website\"},\"datePublished\":\"2010-07-23T17:36:51+00:00\",\"dateModified\":\"2010-07-23T17:36:51+00:00\",\"breadcrumb\":{\"@id\":\"https:\/\/jmtweb.net.br\/websites\/facebook-atinge-500-milhoes-de-usuarios\/#breadcrumb\"},\"inLanguage\":\"pt-BR\",\"potentialAction\":[{\"@type\":\"ReadAction\",\"target\":[\"https:\/\/jmtweb.net.br\/websites\/facebook-atinge-500-milhoes-de-usuarios\/\"]}]},{\"@type\":\"BreadcrumbList\",\"@id\":\"https:\/\/jmtweb.net.br\/websites\/facebook-atinge-500-milhoes-de-usuarios\/#breadcrumb\",\"itemListElement\":[{\"@type\":\"ListItem\",\"position\":1,\"name\":\"Home\",\"item\":\"https:\/\/jmtweb.net.br\/websites\/\"},{\"@type\":\"ListItem\",\"position\":2,\"name\":\"Facebook &#8211; Atinge 500 milh\u00f5es de usu\u00e1rios\"}]},{\"@type\":\"WebSite\",\"@id\":\"https:\/\/jmtweb.net.br\/websites\/#website\",\"url\":\"https:\/\/jmtweb.net.br\/websites\/\",\"name\":\"JMT Cria\u00e7\u00e3o de Sites\",\"description\":\"Desenvolvimento de sistemas web\",\"publisher\":{\"@id\":\"https:\/\/jmtweb.net.br\/websites\/#organization\"},\"potentialAction\":[{\"@type\":\"SearchAction\",\"target\":{\"@type\":\"EntryPoint\",\"urlTemplate\":\"https:\/\/jmtweb.net.br\/websites\/?s={search_term_string}\"},\"query-input\":\"required name=search_term_string\"}],\"inLanguage\":\"pt-BR\"},{\"@type\":\"Organization\",\"@id\":\"https:\/\/jmtweb.net.br\/websites\/#organization\",\"name\":\"JMT Cria\u00e7\u00e3o de Sites\",\"url\":\"https:\/\/jmtweb.net.br\/websites\/\",\"logo\":{\"@type\":\"ImageObject\",\"inLanguage\":\"pt-BR\",\"@id\":\"https:\/\/jmtweb.net.br\/websites\/#\/schema\/logo\/image\/\",\"url\":\"https:\/\/i0.wp.com\/jmtweb.net.br\/websites\/wp-content\/uploads\/2017\/06\/logo.png?fit=500%2C500&ssl=1\",\"contentUrl\":\"https:\/\/i0.wp.com\/jmtweb.net.br\/websites\/wp-content\/uploads\/2017\/06\/logo.png?fit=500%2C500&ssl=1\",\"width\":500,\"height\":500,\"caption\":\"JMT Cria\u00e7\u00e3o de Sites\"},\"image\":{\"@id\":\"https:\/\/jmtweb.net.br\/websites\/#\/schema\/logo\/image\/\"},\"sameAs\":[\"https:\/\/www.facebook.com\/JMTWebsolutions\/\",\"https:\/\/twitter.com\/jmtwebsolutions\",\"https:\/\/www.linkedin.com\/company\/jmt-web-solutions\",\"https:\/\/www.youtube.com\/channel\/UCbf_7MVzEaTrZ-Bni9rs0Dw\"]},{\"@type\":\"Person\",\"@id\":\"https:\/\/jmtweb.net.br\/websites\/#\/schema\/person\/28c4a357100a38bba0ebb7b210a489db\",\"name\":\"JMT Criacao de Sites\",\"image\":{\"@type\":\"ImageObject\",\"inLanguage\":\"pt-BR\",\"@id\":\"https:\/\/jmtweb.net.br\/websites\/#\/schema\/person\/image\/\",\"url\":\"https:\/\/secure.gravatar.com\/avatar\/587eff10a81dc390c2a1066632639bf9?s=96&d=mm&r=g\",\"contentUrl\":\"https:\/\/secure.gravatar.com\/avatar\/587eff10a81dc390c2a1066632639bf9?s=96&d=mm&r=g\",\"caption\":\"JMT Criacao de Sites\"},\"sameAs\":[\"http:\/\/jmtweb.net.br\"],\"url\":\"https:\/\/jmtweb.net.br\/websites\/author\/jmt-criacao-de-sites\/\"}]}<\/script>\r\n<!-- \/ Yoast SEO plugin. -->","yoast_head_json":{"title":"Facebook - Atinge 500 milh\u00f5es de usu\u00e1rios | JMT Cria\u00e7\u00e3o de Sites","robots":{"index":"index","follow":"follow","max-snippet":"max-snippet:-1","max-image-preview":"max-image-preview:large","max-video-preview":"max-video-preview:-1"},"canonical":"https:\/\/jmtweb.net.br\/websites\/facebook-atinge-500-milhoes-de-usuarios\/","og_locale":"pt_BR","og_type":"article","og_title":"Facebook - Atinge 500 milh\u00f5es de usu\u00e1rios | JMT Cria\u00e7\u00e3o de Sites","og_description":"O Facebook anunciou nesta quarta-feira que atingiu a marca de 500 milh\u00f5es de usu\u00e1rios em todo o planeta. \u00c9 a maior rede social do mundo, uma comunidade superior ao n\u00famero de usu\u00e1rios de internet na China, que tem 420 milh\u00f5es de pessoas. Confira no gr\u00e1fico, a curva de crescimento da rede.\u00a0 \u00a0 Nascida em 2003 &hellip; Continue lendo \"Facebook &#8211; Atinge 500 milh\u00f5es de usu\u00e1rios\"","og_url":"https:\/\/jmtweb.net.br\/websites\/facebook-atinge-500-milhoes-de-usuarios\/","og_site_name":"JMT Cria\u00e7\u00e3o de Sites","article_publisher":"https:\/\/www.facebook.com\/JMTWebsolutions\/","article_published_time":"2010-07-23T17:36:51+00:00","og_image":[{"url":"http:\/\/veja.abril.com.br\/assets\/pictures\/13556\/a-maior-rede-size-620.jpg"}],"author":"JMT Criacao de Sites","twitter_card":"summary_large_image","twitter_creator":"@jmtwebsolutions","twitter_site":"@jmtwebsolutions","twitter_misc":{"Escrito por":"JMT Criacao de Sites","Est. tempo de leitura":"4 minutos"},"schema":{"@context":"https:\/\/schema.org","@graph":[{"@type":"Article","@id":"https:\/\/jmtweb.net.br\/websites\/facebook-atinge-500-milhoes-de-usuarios\/#article","isPartOf":{"@id":"https:\/\/jmtweb.net.br\/websites\/facebook-atinge-500-milhoes-de-usuarios\/"},"author":{"name":"JMT Criacao de Sites","@id":"https:\/\/jmtweb.net.br\/websites\/#\/schema\/person\/28c4a357100a38bba0ebb7b210a489db"},"headline":"Facebook &#8211; Atinge 500 milh\u00f5es de usu\u00e1rios","datePublished":"2010-07-23T17:36:51+00:00","dateModified":"2010-07-23T17:36:51+00:00","mainEntityOfPage":{"@id":"https:\/\/jmtweb.net.br\/websites\/facebook-atinge-500-milhoes-de-usuarios\/"},"wordCount":701,"commentCount":0,"publisher":{"@id":"https:\/\/jmtweb.net.br\/websites\/#organization"},"keywords":["facebook","redes sociais"],"articleSection":["Noticias","Redes Sociais","SEO news"],"inLanguage":"pt-BR","potentialAction":[{"@type":"CommentAction","name":"Comment","target":["https:\/\/jmtweb.net.br\/websites\/facebook-atinge-500-milhoes-de-usuarios\/#respond"]}]},{"@type":"WebPage","@id":"https:\/\/jmtweb.net.br\/websites\/facebook-atinge-500-milhoes-de-usuarios\/","url":"https:\/\/jmtweb.net.br\/websites\/facebook-atinge-500-milhoes-de-usuarios\/","name":"Facebook - Atinge 500 milh\u00f5es de usu\u00e1rios | JMT Cria\u00e7\u00e3o de Sites","isPartOf":{"@id":"https:\/\/jmtweb.net.br\/websites\/#website"},"datePublished":"2010-07-23T17:36:51+00:00","dateModified":"2010-07-23T17:36:51+00:00","breadcrumb":{"@id":"https:\/\/jmtweb.net.br\/websites\/facebook-atinge-500-milhoes-de-usuarios\/#breadcrumb"},"inLanguage":"pt-BR","potentialAction":[{"@type":"ReadAction","target":["https:\/\/jmtweb.net.br\/websites\/facebook-atinge-500-milhoes-de-usuarios\/"]}]},{"@type":"BreadcrumbList","@id":"https:\/\/jmtweb.net.br\/websites\/facebook-atinge-500-milhoes-de-usuarios\/#breadcrumb","itemListElement":[{"@type":"ListItem","position":1,"name":"Home","item":"https:\/\/jmtweb.net.br\/websites\/"},{"@type":"ListItem","position":2,"name":"Facebook &#8211; Atinge 500 milh\u00f5es de usu\u00e1rios"}]},{"@type":"WebSite","@id":"https:\/\/jmtweb.net.br\/websites\/#website","url":"https:\/\/jmtweb.net.br\/websites\/","name":"JMT Cria\u00e7\u00e3o de Sites","description":"Desenvolvimento de sistemas web","publisher":{"@id":"https:\/\/jmtweb.net.br\/websites\/#organization"},"potentialAction":[{"@type":"SearchAction","target":{"@type":"EntryPoint","urlTemplate":"https:\/\/jmtweb.net.br\/websites\/?s={search_term_string}"},"query-input":"required name=search_term_string"}],"inLanguage":"pt-BR"},{"@type":"Organization","@id":"https:\/\/jmtweb.net.br\/websites\/#organization","name":"JMT Cria\u00e7\u00e3o de Sites","url":"https:\/\/jmtweb.net.br\/websites\/","logo":{"@type":"ImageObject","inLanguage":"pt-BR","@id":"https:\/\/jmtweb.net.br\/websites\/#\/schema\/logo\/image\/","url":"https:\/\/i0.wp.com\/jmtweb.net.br\/websites\/wp-content\/uploads\/2017\/06\/logo.png?fit=500%2C500&ssl=1","contentUrl":"https:\/\/i0.wp.com\/jmtweb.net.br\/websites\/wp-content\/uploads\/2017\/06\/logo.png?fit=500%2C500&ssl=1","width":500,"height":500,"caption":"JMT Cria\u00e7\u00e3o de Sites"},"image":{"@id":"https:\/\/jmtweb.net.br\/websites\/#\/schema\/logo\/image\/"},"sameAs":["https:\/\/www.facebook.com\/JMTWebsolutions\/","https:\/\/twitter.com\/jmtwebsolutions","https:\/\/www.linkedin.com\/company\/jmt-web-solutions","https:\/\/www.youtube.com\/channel\/UCbf_7MVzEaTrZ-Bni9rs0Dw"]},{"@type":"Person","@id":"https:\/\/jmtweb.net.br\/websites\/#\/schema\/person\/28c4a357100a38bba0ebb7b210a489db","name":"JMT Criacao de Sites","image":{"@type":"ImageObject","inLanguage":"pt-BR","@id":"https:\/\/jmtweb.net.br\/websites\/#\/schema\/person\/image\/","url":"https:\/\/secure.gravatar.com\/avatar\/587eff10a81dc390c2a1066632639bf9?s=96&d=mm&r=g","contentUrl":"https:\/\/secure.gravatar.com\/avatar\/587eff10a81dc390c2a1066632639bf9?s=96&d=mm&r=g","caption":"JMT Criacao de Sites"},"sameAs":["http:\/\/jmtweb.net.br"],"url":"https:\/\/jmtweb.net.br\/websites\/author\/jmt-criacao-de-sites\/"}]}},"jetpack_featured_media_url":"","jetpack_publicize_connections":[],"jetpack_sharing_enabled":true,"jetpack_shortlink":"https:\/\/wp.me\/p9cz9S-33","jetpack_likes_enabled":true,"jetpack-related-posts":[{"id":365,"url":"https:\/\/jmtweb.net.br\/websites\/pesquisa-da-comscore-mostra-orkut-ainda-lider-no-brasil\/","url_meta":{"origin":189,"position":0},"title":"Pesquisa da comScore mostra Orkut ainda l\u00edder no Brasil","date":"17 de setembro de 2011","format":false,"excerpt":"Ismael Cardoso Menos de uma semana depois de o Ibope\u00a0divulgar sua mais recente pesquisa de audi\u00eancia de internet afirmando que o Facebook\u00a0ultrapassou o n\u00famero de usu\u00e1rios do Orkut\u00a0no Pa\u00eds, a comScore\u00a0lan\u00e7ou na quinta-feira novos dados que apontam o contr\u00e1rio. Segundo a empresa de pesquisa, mesmo que o Facebook\u00a0tenha diminu\u00eddo a\u2026","rel":"","context":"Em &quot;Facebook&quot;","img":{"alt_text":"Pesquisa da comScore mostra Orkut ainda l\u00c3\u00adder no Brasil","src":"https:\/\/i2.wp.com\/jmtweb.net.br\/websites\/wp-content\/uploads\/2011\/09\/orkut-facebook.jpg?resize=350%2C200","width":350,"height":200},"classes":[]},{"id":353,"url":"https:\/\/jmtweb.net.br\/websites\/ibope-confirma-facebook-ultrapassou-orkut-no-brasil\/","url_meta":{"origin":189,"position":1},"title":"Ibope confirma, Facebook ultrapassou Orkut no Brasil","date":"13 de setembro de 2011","format":false,"excerpt":"O Ibope confirmou nesta sexta-feira as informa\u00e7\u00f5es publicadas pela Isto\u00c9 Dinheiro, que antecipou na semana passada n\u00fameros da pesquisa Ibope Nielsen Online para o mes de agosto que indicam que o Facebook, maior rede social do mundo, finalmente ultrapassou o Orkut, servi\u00e7o queridinho dos brasileiros, no Pa\u00eds. De acordo com\u2026","rel":"","context":"Em &quot;Facebook&quot;","img":{"alt_text":"Perdendo lideran\u00c3\u00a7a, Orkut foi porta de entrada \u00c3\u00a0 web no Brasil","src":"https:\/\/i0.wp.com\/valeumpost.com.br\/wp-content\/uploads\/2011\/09\/orkut-superado-por-facebook.jpeg?resize=350%2C200","width":350,"height":200},"classes":[]},{"id":306,"url":"https:\/\/jmtweb.net.br\/websites\/o-facebook-e-uma-ameaca-a-supremacia-do-orkut-no-brasil\/","url_meta":{"origin":189,"position":2},"title":"O Facebook \u00e9 uma amea\u00e7a \u00e0 supremacia do Orkut no Brasil?","date":"26 de julho de 2011","format":false,"excerpt":"Especialistas analisam se rede social comandada por Mark Zuckerberg\u00a0pode crescer a ponto de ser mais popular que o site\u00a0do Google. De um lado, a rede social mais popular do Brasil, com nenhum advers\u00e1rio que ofere\u00e7a real perigo \u00e0 penetra\u00e7\u00e3o de 75% na base de internautas brasileiros. Do outro, a maior\u2026","rel":"","context":"Em &quot;Facebook&quot;","img":{"alt_text":"","src":"","width":0,"height":0},"classes":[]},{"id":376,"url":"https:\/\/jmtweb.net.br\/websites\/facebook-ira-lancar-servico-para-socializar-musica-e-filme\/","url_meta":{"origin":189,"position":3},"title":"Facebook ir\u00e1 lan\u00e7ar servi\u00e7o para socializar m\u00fasica e filme","date":"21 de setembro de 2011","format":false,"excerpt":"O Facebook dever\u00e1 apresentar na pr\u00f3xima quinta-feira uma nova plataforma de compartilhamento de m\u00eddia que permitir\u00e1 que seus usu\u00e1rios disponibilizem m\u00fasicas, filmes e seriados a seus amigos da rede social, informa o jornal New York Times. A novidade, que dever\u00e1 concorrer com servi\u00e7os como Spotfy e Rhapsody, entre tantos outros,\u2026","rel":"","context":"Em &quot;Facebook&quot;","img":{"alt_text":"","src":"https:\/\/i2.wp.com\/st2.tecnoblog.net\/wp-content\/uploads\/2011\/09\/zuckerberg.jpg?resize=350%2C200","width":350,"height":200},"classes":[]},{"id":589,"url":"https:\/\/jmtweb.net.br\/websites\/33-dos-eleitores-tem-facebook\/","url_meta":{"origin":189,"position":4},"title":"33% dos eleitores tem Facebook!","date":"25 de julho de 2012","format":false,"excerpt":"Brasil \u00e9 2\u00ba pa\u00eds com mais usu\u00e1rios no Facebook, diz relat\u00f3rio do Socialbakers. Segundo relat\u00f3rio do site Socialbakers, que acompanha o tr\u00e1fego na rede social, a base de usu\u00e1rios brasileiros ativos na plataforma \u00e9 de 46 milh\u00f5es de cadastrados e aparece na frente da \u00cdndia (45 milh\u00f5es) e atr\u00e1s apenas\u2026","rel":"","context":"Em &quot;Dicas&quot;","img":{"alt_text":"","src":"","width":0,"height":0},"classes":[]},{"id":358,"url":"https:\/\/jmtweb.net.br\/websites\/10-passos-para-o-facebook\/","url_meta":{"origin":189,"position":5},"title":"10 passos para o Facebook se tornar fen\u00f4meno no Brasil","date":"16 de setembro de 2011","format":false,"excerpt":"Wikerson Landim Nesta semana, o instituto de pesquisas Ibope Nielsen divulgou uma s\u00e9rie de dados sobre o uso de internet no Brasil. Entre os quesitos pesquisados, uma informa\u00e7\u00e3o em especial chamou a aten\u00e7\u00e3o. Quando o assunto \u00e9 rede social, o Orkut j\u00e1 n\u00e3o \u00e9 mais o site preferido dos brasileiros.\u2026","rel":"","context":"Em &quot;Dicas&quot;","img":{"alt_text":"Facebook: veja 10 passos para rede se tornar fen\u00c3\u00b4meno no Brasil","src":"https:\/\/i1.wp.com\/www.guiadeniteroi.com\/uploads\/geecktec_filemanager\/facebook_brasil.jpg?resize=350%2C200","width":350,"height":200},"classes":[]}],"_links":{"self":[{"href":"https:\/\/jmtweb.net.br\/websites\/wp-json\/wp\/v2\/posts\/189"}],"collection":[{"href":"https:\/\/jmtweb.net.br\/websites\/wp-json\/wp\/v2\/posts"}],"about":[{"href":"https:\/\/jmtweb.net.br\/websites\/wp-json\/wp\/v2\/types\/post"}],"author":[{"embeddable":true,"href":"https:\/\/jmtweb.net.br\/websites\/wp-json\/wp\/v2\/users\/2"}],"replies":[{"embeddable":true,"href":"https:\/\/jmtweb.net.br\/websites\/wp-json\/wp\/v2\/comments?post=189"}],"version-history":[{"count":0,"href":"https:\/\/jmtweb.net.br\/websites\/wp-json\/wp\/v2\/posts\/189\/revisions"}],"wp:attachment":[{"href":"https:\/\/jmtweb.net.br\/websites\/wp-json\/wp\/v2\/media?parent=189"}],"wp:term":[{"taxonomy":"category","embeddable":true,"href":"https:\/\/jmtweb.net.br\/websites\/wp-json\/wp\/v2\/categories?post=189"},{"taxonomy":"post_tag","embeddable":true,"href":"https:\/\/jmtweb.net.br\/websites\/wp-json\/wp\/v2\/tags?post=189"}],"curies":[{"name":"wp","href":"https:\/\/api.w.org\/{rel}","templated":true}]}}