{"id":1112,"date":"2020-01-04T17:02:15","date_gmt":"2020-01-04T20:02:15","guid":{"rendered":"https:\/\/jmtweb.net.br\/websites\/?p=1112"},"modified":"2020-01-04T17:51:40","modified_gmt":"2020-01-04T20:51:40","slug":"aljazeera-tensoes-usa-ira-cronograma-de-eventos","status":"publish","type":"post","link":"https:\/\/jmtweb.net.br\/websites\/aljazeera-tensoes-usa-ira-cronograma-de-eventos\/","title":{"rendered":"Aljazeera >> Tens\u00f5es Usa-Ir\u00e3: cronograma de eventos"},"content":{"rendered":"<div>\n<div>\n<div>\n<div>\n<div>\n<div class=\"row article-top-header\">\n<div>\n<div>\n<div class=\"col-md-8 article-top-header-wrapper\">\n<div class=\"article-heading\">\n<h1 class=\"megaheadline post-title\">Tens\u00f5es EUA-Ir\u00e3: cronograma de eventos que levaram ao assassinato de Soleimani<\/h1>\n<blockquote>\n<p class=\"article-heading-des\">As tens\u00f5es entre Washington e Teer\u00e3 aumentam depois que o presidente dos EUA, Trump, ordena o assassinato do comandante iraniano.<\/p>\n<\/blockquote>\n<\/div>\n<\/div>\n<\/div>\n<\/div>\n<\/div>\n<\/div>\n<\/div>\n<\/div>\n<\/div>\n<\/div>\n<div>\n<div class=\"row article-main-content-wrapper\">\n<div class=\"col-md-8 article-main-content\">\n<article id=\"main-article-block\" class=\"main-article-block clear-fix\">\n<div class=\"main-article-body\">\n<div id=\"body-200771816342556199\" class=\"article-p-wrapper\">\n<p class=\"speakable\">As tens\u00f5es entre os\u00a0\u00a0<a href=\"https:\/\/www.aljazeera.com\/topics\/country\/united-states.html\">Estados Unidos<\/a>\u00a0\u00a0e o\u00a0\u00a0<a href=\"https:\/\/www.aljazeera.com\/topics\/country\/Iran.html\">Ir\u00e3<\/a>\u00a0\u00a0aumentaram dramaticamente na sexta-feira depois que o presidente dos EUA, Donald Trump, ordenou a morte do principal comandante militar iraniano Qassem Soleimani.<\/p>\n<p><!--more--><\/p>\n<p class=\"speakable\">O ataque no\u00a0Aeroporto Internacional de Bagd\u00e1\u00a0\u00a0tamb\u00e9m matou Abu\u00a0\u00a0Mahdi al-Muhandis, vice-comandante das mil\u00edcias apoiadas pelo Ir\u00e3, conhecidas como For\u00e7as de Mobiliza\u00e7\u00e3o Popular (PMF).<\/p>\n<p class=\"speakable\">O l\u00edder supremo do Ir\u00e3, o aiatol\u00e1 Ali Khamenei, prometeu rapidamente &#8220;vingan\u00e7a severa&#8221; pelo assassinato de Soleimani.<\/p>\n<p>Autoridades de Trump e dos EUA defenderam a medida, dizendo que era &#8220;leg\u00edtima defesa&#8221;.<\/p>\n<p>Aqui est\u00e1 uma olhada nos principais eventos que levaram \u00e0 situa\u00e7\u00e3o atual:<\/p>\n<h2>2018<\/h2>\n<h3>EUA se retiram do acordo nuclear com o Ir\u00e3<\/h3>\n<p>Trump\u00a0<a class=\"InternalLink\" href=\"https:\/\/www.aljazeera.com\/news\/2018\/05\/donald-trump-declares-withdrawal-iran-nuclear-deal-180508141155625.html\">cumpriu<\/a>\u00a0uma\u00a0<a class=\"InternalLink\" href=\"https:\/\/www.aljazeera.com\/news\/2018\/05\/donald-trump-declares-withdrawal-iran-nuclear-deal-180508141155625.html\">promessa de campanha<\/a>\u00a0eleitoral\u00a0\u00a0, anunciando em\u00a0<strong>8 de maio\u00a0<\/strong>\u00a0que os EUA estavam se retirando do acordo nuclear com o Ir\u00e3, formalmente conhecido como Plano de A\u00e7\u00e3o Integral Conjunto (JCPOA).<\/p>\n<p>&#8220;Deixei claro que, se o acordo n\u00e3o pudesse ser estabelecido, os Estados Unidos n\u00e3o seriam mais parte do acordo&#8221;, disse Trump na \u00e9poca.\u00a0&#8220;O acordo com o Ir\u00e3 est\u00e1 com defeito em sua ess\u00eancia&#8221;.<\/p>\n<div class=\"article-also-read article-embed-tb-block article-embedded-card \">\n<h4><span style=\"font-size: 1rem; font-weight: 400;\">O JCPOA restringiu fortemente o programa nuclear do Ir\u00e3 em troca do fim das san\u00e7\u00f5es que danificaram gravemente sua economia.<\/span><\/h4>\n<\/div>\n<p>Em resposta, o Ir\u00e3 considerou a decis\u00e3o de Trump &#8220;inaceit\u00e1vel&#8221; e disse que contornaria Washington e negociaria com os outros signat\u00e1rios restantes do acordo:\u00a0\u00a0Fran\u00e7a, Alemanha, Reino Unido, R\u00fassia e China.<\/p>\n<div data-embed-type=\"Brightcove\" data-embed-id=\"5782208082001\">\n<table class=\"in-article-item video Fullwidth\" border=\"0\">\n<tbody>\n<tr>\n<td>\n<div class=\"mceVideoBox\">\n<div id=\"bcvid_5782208082001\">\n<div>\n<div><iframe src=\"https:\/\/players.brightcove.net\/665003303001\/4k5gFJHRe_default\/index.html?videoId=5782208082001&amp;usrPersonaAds=0\" allowfullscreen=\"allowfullscreen\" data-mce-fragment=\"1\"><\/iframe><\/div>\n<\/div>\n<\/div>\n<\/div>\n<\/td>\n<\/tr>\n<tr>\n<td>\n<div class=\"meta\"><a href=\"https:\/\/youtu.be\/wCKcb8IzpqM\" target=\"_blank\" rel=\"noopener\">Donald Trump declara retirada dos EUA do acordo nuclear com o Ir\u00e3 (2:44)<\/a><\/div>\n<\/td>\n<\/tr>\n<\/tbody>\n<\/table>\n<\/div>\n<h3>EUA estabelece demandas dif\u00edceis<\/h3>\n<p>Em\u00a0<strong>21 de maio, os<\/strong>\u00a0EUA\u00a0exigiram que o Ir\u00e3 fizesse mudan\u00e7as radicais &#8211; desde a retirada de seu programa nuclear at\u00e9 a retirada da guerra na S\u00edria &#8211; ou enfrentando severas san\u00e7\u00f5es econ\u00f4micas.<\/p>\n<p>As\u00a0<a class=\"InternalLink\" href=\"https:\/\/www.aljazeera.com\/news\/2018\/05\/mike-pompeo-speech-12-demands-iran-180521151737787.html\">12 demandas<\/a>\u00a0do governo Trump\u00a0, descritas pelo secret\u00e1rio de Estado dos EUA, Mike Pompeo, foram rejeitadas por Teer\u00e3.<\/p>\n<h3>Primeira rodada de san\u00e7\u00f5es<\/h3>\n<p><strong><a name=\"sanctions-one\"><\/a><\/strong>Em\u00a0<strong>7 de agosto, os<\/strong>\u00a0EUA\u00a0\u00a0reposicionaram\u00a0\u00a0a primeira rodada de\u00a0<a href=\"https:\/\/www.aljazeera.com\/news\/2018\/08\/sanctions-iran-snap-tuesday-180804193910915.html\">san\u00e7\u00f5es<\/a>\u00a0contra o Ir\u00e3, originalmente suspensa como parte do acordo nuclear.<\/p>\n<p>Eles proibiram o com\u00e9rcio com v\u00e1rios setores de neg\u00f3cios &#8211; da avia\u00e7\u00e3o e tapetes a pist\u00e1cios e ouro.<\/p>\n<div class=\"article-embeded-block-image article-embedded-card fullwidth\">\n<div class=\"article-embeded-mediaCaption\" data-image-url=\"\/mritems\/Images\/2019\/6\/22\/06847d5282584bfb8113ec521c19a6f2_6.jpg\">\n<div class=\"article-embeded-image\"><img decoding=\"async\" class=\"img-responsive article-embeded-media-img\" title=\"Infogr\u00e1fico \" src=\"https:\/\/i1.wp.com\/www.aljazeera.com\/mritems\/Images\/2019\/6\/22\/06847d5282584bfb8113ec521c19a6f2_6.jpg?w=525&#038;ssl=1\" alt=\"San\u00e7\u00f5es dos EUA contra o Ir\u00e3\" border=\"0\" data-recalc-dims=\"1\" \/><\/div>\n<div class=\"article-embeded-caption\"><\/div>\n<\/div>\n<\/div>\n<h3>Segunda rodada de san\u00e7\u00f5es<\/h3>\n<p><strong>Em 5 de novembro<\/strong>\u00a0, os EUA anunciaram uma\u00a0<a href=\"https:\/\/www.aljazeera.com\/news\/2018\/11\/iran-bypass-sanctions-181105052751998.html\">nova rodada<\/a>\u00a0de san\u00e7\u00f5es, desta vez visando especificamente os principais setores banc\u00e1rios e de petr\u00f3leo.<\/p>\n<div class=\"article-embeded-block-image article-embedded-card fullwidth\">\n<div class=\"article-embeded-mediaCaption\" data-image-url=\"\/mritems\/Images\/2019\/6\/22\/474d790fad974e85a875cf21ef3327db_6.jpg\">\n<div class=\"article-embeded-image\"><img decoding=\"async\" class=\"img-responsive article-embeded-media-img\" title=\"San\u00e7\u00f5es dos EUA contra o Ir\u00e3 - Segunda infograpic \" src=\"https:\/\/i2.wp.com\/www.aljazeera.com\/mritems\/Images\/2019\/6\/22\/474d790fad974e85a875cf21ef3327db_6.jpg?w=525&#038;ssl=1\" alt=\"San\u00e7\u00f5es dos EUA contra o Ir\u00e3 - Segunda infograpic \" border=\"0\" data-recalc-dims=\"1\" \/><\/div>\n<div class=\"article-embeded-caption\"><\/div>\n<\/div>\n<\/div>\n<h2>2019<\/h2>\n<h3>&#8216;Organiza\u00e7\u00e3o terrorista estrangeira&#8217;<\/h3>\n<p><strong>Em 8 de abril,<\/strong>\u00a0Trump anunciou que estava\u00a0\u00a0<a href=\"https:\/\/www.aljazeera.com\/news\/2019\/04\/designates-iran-elite-irgc-terrorist-organisation-trump-190408141756166.html\">designando<\/a>\u00a0um bra\u00e7o poderoso das for\u00e7as armadas iranianas, o Corpo da Guarda Revolucion\u00e1ria Isl\u00e2mica (IRGC) de elite como uma organiza\u00e7\u00e3o estrangeira &#8220;terrorista&#8221;.<\/p>\n<p>Foi a primeira vez que Washington classificou formalmente as for\u00e7as armadas de outro pa\u00eds como &#8220;grupo terrorista&#8221;.<\/p>\n<p>A designa\u00e7\u00e3o imp\u00f4s amplas san\u00e7\u00f5es econ\u00f4micas e de viagem ao\u00a0IRGC\u00a0\u00a0que entraram em vigor em\u00a0<strong>15 de abril<\/strong>\u00a0.<\/p>\n<p>Respondendo \u00e0 medida, o Ir\u00e3 imediatamente\u00a0<a href=\"https:\/\/www.aljazeera.com\/news\/2019\/04\/iran-responds-kind-trump-irgc-terrorist-designation-190408172250785.html\">declarou<\/a>\u00a0\u00a0os EUA como &#8220;patrocinador estatal do terrorismo&#8221; e chamou as for\u00e7as de Washington na regi\u00e3o de &#8220;grupos terroristas&#8221;.<\/p>\n<div class=\"article-embeded-block-image article-embedded-card fullwidth\">\n<div class=\"article-embeded-mediaCaption\" data-image-url=\"\/mritems\/Images\/2019\/4\/8\/3c2db46ce2e443f7ba96ad891eed29f3_18.jpg\">\n<div class=\"article-embeded-image\"><img decoding=\"async\" class=\"img-responsive article-embeded-media-img\" title=\"Tropas da Guarda Revolucion\u00e1ria do Ir\u00e3 marcham em um desfile militar marcando o 36\u00ba anivers\u00e1rio da invas\u00e3o do Iraque pelo Ir\u00e3 em 1980, em frente ao santu\u00e1rio do falecido fundador revolucion\u00e1rio Ayatollah Khomeini, nos arredores de Teer\u00e3, Ir\u00e3, quarta-feira, 21 de setembro de 2016. Chefe do Estado-Maior do Ir\u00e3 das for\u00e7as armadas disseram quarta-feira que um acordo de ajuda de US $ 38 bilh\u00f5es entre os Estados Unidos e Israel torna o Ir\u00e3 mais determinado a fortalecer suas for\u00e7as armadas. Em coment\u00e1rios transmitidos ao vivo pela TV estatal iraniana, o general Mohammad Hossein Bagheri disse que o acordo de ajuda EUA-Israel\" src=\"https:\/\/i0.wp.com\/www.aljazeera.com\/mritems\/Images\/2019\/4\/8\/3c2db46ce2e443f7ba96ad891eed29f3_18.jpg?w=525&#038;ssl=1\" alt=\"As tropas da Guarda Revolucion\u00e1ria do Ir\u00e3 marcham em um desfile militar que marca o 36\u00ba anivers\u00e1rio da invas\u00e3o do Iraque pelo Ir\u00e3 em 1980, em frente ao santu\u00e1rio do falecido fundador revolucion\u00e1rio Ayatollah Khomeini, apenas\" border=\"0\" data-recalc-dims=\"1\" \/><\/div>\n<div class=\"article-embeded-caption\">\u00a0Tropas da Guarda Revolucion\u00e1ria do Ir\u00e3 marcham em um desfile militar nos arredores de Teer\u00e3, Ir\u00e3 [Arquivo: Ebrahim Noroozi \/ AP]<\/div>\n<\/div>\n<\/div>\n<h3>EUA enviam porta-avi\u00f5es ao Oriente M\u00e9dio<\/h3>\n<p><strong>Em 5 de maio,<\/strong>\u00a0\u00a0 o ent\u00e3o conselheiro de Seguran\u00e7a Nacional de Trump, John Bolton, anunciou que os EUA estavam enviando um\u00a0<a href=\"https:\/\/www.aljazeera.com\/news\/2019\/05\/deploying-bombers-middle-east-warning-iran-190506011851708.html\">grupo de ataque de porta-avi\u00f5es<\/a>\u00a0e bombardeiros da For\u00e7a A\u00e9rea ao Oriente M\u00e9dio &#8220;em resposta a v\u00e1rias indica\u00e7\u00f5es e avisos preocupantes e escalat\u00f3rios&#8221;.<\/p>\n<p>&#8220;Os Estados Unidos n\u00e3o est\u00e3o buscando guerra com o regime iraniano, mas estamos totalmente preparados para responder a qualquer ataque, seja por procura\u00e7\u00e3o, o Corpo da Guarda Revolucion\u00e1ria Isl\u00e2mica ou for\u00e7as iranianas regulares&#8221;, disse Bolton na \u00e9poca.<\/p>\n<h3>Mais san\u00e7\u00f5es<\/h3>\n<p><strong>Em 8 de maio<\/strong>\u00a0, o Ir\u00e3\u00a0disse que estava se preparando para\u00a0<a href=\"https:\/\/www.aljazeera.com\/news\/2019\/05\/iran-announces-partial-withdrawal-2015-nuclear-deal-190508052804798.html\">aumentar a<\/a>\u00a0produ\u00e7\u00e3o de\u00a0<a href=\"https:\/\/www.aljazeera.com\/news\/2019\/05\/iran-announces-partial-withdrawal-2015-nuclear-deal-190508052804798.html\">ur\u00e2nio enriquecido<\/a>\u00a0e \u00e1gua pesada como parte de sua decis\u00e3o de interromper certos compromissos assumidos sob o acordo nuclear.<\/p>\n<p>Um ano depois que Washington se retirou do acordo e mais tarde restabeleceu as san\u00e7\u00f5es contra Teer\u00e3, Trump\u00a0<a href=\"https:\/\/www.aljazeera.com\/news\/2019\/05\/iran-tensions-escalate-trump-imposes-sanctions-190508155445230.html\">anunciou<\/a>\u00a0\u00a0novas medidas contra os setores sider\u00fargico e de minera\u00e7\u00e3o do Ir\u00e3.<\/p>\n<div class=\"SandboxRoot env-bp-350\" data-twitter-event-id=\"0\">\n<div id=\"twitter-widget-0\" class=\"EmbeddedTweet EmbeddedTweet--cta js-clickToOpenTarget\" lang=\"en\" data-click-to-open-target=\"https:\/\/twitter.com\/HassanRouhani\/status\/1126018907502936065\" data-iframe-title=\"Twitter Tweet\" data-scribe=\"page:tweet\" data-twitter-event-id=\"12\">\n<div class=\"EmbeddedTweet-tweetContainer\">\n<div class=\"EmbeddedTweet-tweet\">\n<blockquote class=\"Tweet h-entry js-tweetIdInfo subject expanded\" cite=\"https:\/\/twitter.com\/HassanRouhani\/status\/1126018907502936065\" data-tweet-id=\"1126018907502936065\" data-scribe=\"section:subject\">\n<div class=\"Tweet-header\">\n<p><a class=\"TweetAuthor-avatar Identity-avatar u-linkBlend\" href=\"https:\/\/twitter.com\/HassanRouhani\" data-scribe=\"element:user_link\" aria-label=\"Hassan Rouhani (screen name: HassanRouhani)\"><img decoding=\"async\" class=\"Avatar\" src=\"https:\/\/i2.wp.com\/pbs.twimg.com\/profile_images\/830606478419619840\/YzhAGsju_normal.jpg?w=525&#038;ssl=1\" alt=\"\" data-scribe=\"element:avatar\" data-src-2x=\"https:\/\/pbs.twimg.com\/profile_images\/830606478419619840\/YzhAGsju_bigger.jpg\" data-src-1x=\"https:\/\/i2.wp.com\/pbs.twimg.com\/profile_images\/830606478419619840\/YzhAGsju_normal.jpg?w=525&#038;ssl=1\" data-recalc-dims=\"1\" \/><\/a><\/p>\n<div class=\"TweetAuthor js-inViewportScribingTarget\" data-scribe=\"component:author\">\n<div class=\"TweetAuthor-nameScreenNameContainer\">\n<p><span class=\"TweetAuthor-decoratedName\"><span class=\"TweetAuthor-name Identity-name customisable-highlight\" title=\"Hassan Rouhani\" data-scribe=\"element:name\">Hassan Rouhani<\/span><\/span><\/p>\n<div class=\"Icon Icon--verified \" title=\"Verified Account\" role=\"img\" aria-label=\"Verified Account\"><\/div>\n<p><span class=\"TweetAuthor-decoratedName\"><span class=\"TweetAuthor-verifiedBadge\" data-scribe=\"element:verified_badge\"><b class=\"u-hiddenVisually\">\u2714<\/b><\/span><\/span><span class=\"TweetAuthor-screenName Identity-screenName\" dir=\"ltr\" title=\"@HassanRouhani\" data-scribe=\"element:screen_name\">@HassanRouhani<\/span><\/p>\n<\/div>\n<\/div>\n<div class=\"Tweet-brand\">\n<div class=\"Icon Icon--twitter \" title=\"View on Twitter\" role=\"presentation\" aria-label=\"View on Twitter\"><\/div>\n<\/div>\n<\/div>\n<div class=\"Tweet-body e-entry-content\" data-scribe=\"component:tweet\">\n<div class=\"Tweet-target js-inViewportScribingTarget\"><\/div>\n<p class=\"Tweet-text e-entry-title\" dir=\"ltr\" lang=\"en\">Starting today, Iran does not keep its enriched uranium and produced heavy water limited. The EU\/E3+2 will face Iran&#8217;s further actions if they can not fulfill their obligations within the next 60 days and secure Iran&#8217;s interests. Win-Win conditions will be accepted.<\/p>\n<div class=\"TweetInfo\">\n<div class=\"TweetInfo-like\">\n<div data-scribe=\"element:heart\">\n<div class=\"Icon Icon--heart \" title=\"Like\" role=\"img\" aria-label=\"Like\"><\/div>\n<\/div>\n<p><a class=\"TweetInfo-heart\" title=\"Like\" href=\"https:\/\/twitter.com\/intent\/like?tweet_id=1126018907502936065\" data-scribe=\"component:actions\"><span class=\"TweetInfo-heartStat\" data-scribe=\"element:heart_count\">1,949<\/span><\/a><\/p>\n<\/div>\n<div class=\"TweetInfo-timeGeo\"><a class=\"u-linkBlend u-url customisable-highlight long-permalink\" href=\"https:\/\/twitter.com\/HassanRouhani\/status\/1126018907502936065\" data-datetime=\"2019-05-08T07:00:02+0000\" data-scribe=\"element:full_timestamp\"><time class=\"dt-updated\" title=\"Time posted: May 08, 2019 07:00:02 (UTC)\" datetime=\"2019-05-08T07:00:02+0000\">4:00 AM &#8211; May 8, 2019<\/time><\/a><\/div>\n<div class=\"tweet-InformationCircle\" data-scribe=\"element:notice\"><a class=\"Icon Icon--informationCircleWhite js-inViewportScribingTarget\" title=\"Twitter Ads info and privacy\" href=\"https:\/\/support.twitter.com\/articles\/20175256\"><span class=\"u-hiddenVisually\">Twitter Ads info and privacy<\/span><\/a><\/div>\n<\/div>\n<\/div>\n<\/blockquote>\n<\/div>\n<div class=\"CallToAction-icon\" data-scribe=\"element:conversation_icon\">\n<div class=\"Icon Icon--replyCTA \" title=\"View conversation on Twitter\" role=\"img\" aria-label=\"View conversation on Twitter\"><\/div>\n<\/div>\n<div class=\"CallToAction-text\" data-scribe=\"element:conversation_text\">1,911 people are talking about this<\/div>\n<div class=\"CallToAction-chevron\" data-scribe=\"element:cta_chevron\">\n<div class=\"Icon Icon--chevronRightCTA \" title=\"View on Twitter\" role=\"img\" aria-label=\"View on Twitter\"><\/div>\n<\/div>\n<\/div>\n<\/div>\n<div class=\"resize-sensor\">\n<div class=\"resize-sensor-expand\">\n<div><\/div>\n<\/div>\n<div class=\"resize-sensor-shrink\">\n<div><\/div>\n<\/div>\n<\/div>\n<\/div>\n<h3>Petroleiros\u00a0sujeitos a opera\u00e7\u00f5es de sabotagem<\/h3>\n<p><strong>Em 12 de maio<\/strong>\u00a0, os Emirados \u00c1rabes Unidos\u00a0<a href=\"https:\/\/www.aljazeera.com\/news\/2019\/05\/saudi-oil-tankers-sabotaged-ships-uae-coast-190513055332524.html\">disseram que<\/a>\u00a0\u00a0quatro navios comerciais na costa de Fujairah, um dos maiores centros de abastecimento de combust\u00edvel do mundo, &#8220;foram submetidos a opera\u00e7\u00f5es de sabotagem&#8221;.<\/p>\n<p>As autoridades identificaram os navios danificados como os petroleiros sauditas Al-Marzoqah e Amjad, o petroleiro noruegu\u00eas Andrea Victory e uma barca\u00e7a de abastecimento dos Emirados \u00c1rabes Unidos, o A Michel.<\/p>\n<p>Fujairah \u00e9 o \u00fanico terminal dos Emirados localizado no Mar Ar\u00e1bico, contornando o\u00a0<a href=\"https:\/\/www.aljazeera.com\/news\/2018\/07\/stake-trading-strait-hormuz-disrupted-180705055824211.html\">Estreito de Ormuz,<\/a>\u00a0pelo qual passa a maioria das exporta\u00e7\u00f5es de petr\u00f3leo do Golfo.<\/p>\n<p>O Ir\u00e3, que amea\u00e7ou repetidamente fechar o Estreito em caso de confronto militar com os EUA, classificou os incidentes de &#8220;alarmantes e lament\u00e1veis&#8221;.<\/p>\n<div data-embed-type=\"Brightcove\" data-embed-id=\"6035922983001\">\n<table class=\"in-article-item video Fullwidth\" border=\"0\">\n<tbody>\n<tr>\n<td>\n<div class=\"mceVideoBox\">\n<div id=\"bcvid_6035922983001\">\n<div>\n<div><iframe src=\"https:\/\/players.brightcove.net\/665003303001\/4k5gFJHRe_default\/index.html?videoId=6035922983001&amp;usrPersonaAds=0\" allowfullscreen=\"allowfullscreen\" data-mce-fragment=\"1\"><\/iframe><\/div>\n<\/div>\n<\/div>\n<\/div>\n<\/td>\n<\/tr>\n<tr>\n<td>\n<div class=\"meta\"><a href=\"https:\/\/youtu.be\/hvQaNjjNCk8\" target=\"_blank\" rel=\"noopener\">Dois petroleiros sauditas entre navios &#8216;sabotados&#8217; na costa dos Emirados \u00c1rabes Unidos (3:38)<\/a><\/div>\n<\/td>\n<\/tr>\n<\/tbody>\n<\/table>\n<\/div>\n<h3>Houthis ataca oleoduto<\/h3>\n<p>Os rebeldes houthis do I\u00eamen, que estavam travados em uma guerra de longa data com uma coaliz\u00e3o militar liderada pelos Emirados \u00c1rabes Unidos, lan\u00e7aram ataques com drones contra a Ar\u00e1bia Saudita em\u00a0<strong>14 de maio<\/strong>\u00a0, atingindo um importante oleoduto e retirando-o de servi\u00e7o.<\/p>\n<p>Dois dias depois, Riad, um importante aliado dos EUA, culpou o Ir\u00e3 pelo ataque.<\/p>\n<p>Os EUA e a Ar\u00e1bia Saudita acusaram o Ir\u00e3 de armar os houthis, mas Teer\u00e3 negou a alega\u00e7\u00e3o.<\/p>\n<h3>&#8216;Nunca ameace os EUA&#8217;<\/h3>\n<p>Em\u00a0<strong>19 de maio<\/strong>\u00a0, um foguete pousou perto da embaixada dos EUA em Bagd\u00e1.\u00a0Ningu\u00e9m foi ferido.<\/p>\n<p>N\u00e3o ficou claro quem est\u00e1 por tr\u00e1s do ataque, mas Trump twittou na \u00e9poca: &#8220;Se o Ir\u00e3 quiser lutar, esse ser\u00e1 o fim oficial do Ir\u00e3. Nunca mais ameace os Estados Unidos!&#8221;<\/p>\n<div class=\"SandboxRoot env-bp-350\" data-twitter-event-id=\"1\">\n<div id=\"twitter-widget-1\" class=\"EmbeddedTweet EmbeddedTweet--cta js-clickToOpenTarget\" lang=\"en\" data-click-to-open-target=\"https:\/\/twitter.com\/realDonaldTrump\/status\/1130207891049332737\" data-iframe-title=\"Twitter Tweet\" data-scribe=\"page:tweet\" data-twitter-event-id=\"14\">\n<div class=\"EmbeddedTweet-tweetContainer\">\n<div class=\"EmbeddedTweet-tweet\">\n<blockquote class=\"Tweet h-entry js-tweetIdInfo subject expanded\" cite=\"https:\/\/twitter.com\/realDonaldTrump\/status\/1130207891049332737\" data-tweet-id=\"1130207891049332737\" data-scribe=\"section:subject\">\n<div class=\"Tweet-header\">\n<p><a class=\"TweetAuthor-avatar Identity-avatar u-linkBlend\" href=\"https:\/\/twitter.com\/realDonaldTrump\" data-scribe=\"element:user_link\" aria-label=\"Donald J. Trump (screen name: realDonaldTrump)\"><img decoding=\"async\" class=\"Avatar\" src=\"https:\/\/i1.wp.com\/pbs.twimg.com\/profile_images\/874276197357596672\/kUuht00m_normal.jpg?w=525&#038;ssl=1\" alt=\"\" data-scribe=\"element:avatar\" data-src-2x=\"https:\/\/pbs.twimg.com\/profile_images\/874276197357596672\/kUuht00m_bigger.jpg\" data-src-1x=\"https:\/\/i1.wp.com\/pbs.twimg.com\/profile_images\/874276197357596672\/kUuht00m_normal.jpg?w=525&#038;ssl=1\" data-recalc-dims=\"1\" \/><\/a><\/p>\n<div class=\"TweetAuthor js-inViewportScribingTarget\" data-scribe=\"component:author\">\n<div class=\"TweetAuthor-nameScreenNameContainer\">\n<p><span class=\"TweetAuthor-decoratedName\"><span class=\"TweetAuthor-name Identity-name customisable-highlight\" title=\"Donald J. Trump\" data-scribe=\"element:name\">Donald J. Trump<\/span><\/span><\/p>\n<div class=\"Icon Icon--verified \" title=\"Verified Account\" role=\"img\" aria-label=\"Verified Account\"><\/div>\n<p><span class=\"TweetAuthor-decoratedName\"><span class=\"TweetAuthor-verifiedBadge\" data-scribe=\"element:verified_badge\"><b class=\"u-hiddenVisually\">\u2714<\/b><\/span><\/span><span class=\"TweetAuthor-screenName Identity-screenName\" dir=\"ltr\" title=\"@realDonaldTrump\" data-scribe=\"element:screen_name\">@realDonaldTrump<\/span><\/p>\n<\/div>\n<\/div>\n<div class=\"Tweet-brand\">\n<div class=\"Icon Icon--twitter \" title=\"View on Twitter\" role=\"presentation\" aria-label=\"View on Twitter\"><\/div>\n<\/div>\n<\/div>\n<div class=\"Tweet-body e-entry-content\" data-scribe=\"component:tweet\">\n<div class=\"Tweet-target js-inViewportScribingTarget\"><\/div>\n<p class=\"Tweet-text e-entry-title\" dir=\"ltr\" lang=\"en\">If Iran wants to fight, that will be the official end of Iran. Never threaten the United States again!<\/p>\n<div class=\"TweetInfo\">\n<div class=\"TweetInfo-like\">\n<div data-scribe=\"element:heart\">\n<div class=\"Icon Icon--heart \" title=\"Like\" role=\"img\" aria-label=\"Like\"><\/div>\n<\/div>\n<p><a class=\"TweetInfo-heart\" title=\"Like\" href=\"https:\/\/twitter.com\/intent\/like?tweet_id=1130207891049332737\" data-scribe=\"component:actions\"><span class=\"TweetInfo-heartStat\" data-scribe=\"element:heart_count\">225K<\/span><\/a><\/p>\n<\/div>\n<div class=\"TweetInfo-timeGeo\"><a class=\"u-linkBlend u-url customisable-highlight long-permalink\" href=\"https:\/\/twitter.com\/realDonaldTrump\/status\/1130207891049332737\" data-datetime=\"2019-05-19T20:25:34+0000\" data-scribe=\"element:full_timestamp\"><time class=\"dt-updated\" title=\"Time posted: May 19, 2019 20:25:34 (UTC)\" datetime=\"2019-05-19T20:25:34+0000\">5:25 PM &#8211; May 19, 2019<\/time><\/a><\/div>\n<div class=\"tweet-InformationCircle\" data-scribe=\"element:notice\"><a class=\"Icon Icon--informationCircleWhite js-inViewportScribingTarget\" title=\"Twitter Ads info and privacy\" href=\"https:\/\/support.twitter.com\/articles\/20175256\"><span class=\"u-hiddenVisually\">Twitter Ads info and privacy<\/span><\/a><\/div>\n<\/div>\n<\/div>\n<\/blockquote>\n<\/div>\n<div class=\"CallToAction-icon\" data-scribe=\"element:conversation_icon\">\n<div class=\"Icon Icon--replyCTA \" title=\"View conversation on Twitter\" role=\"img\" aria-label=\"View conversation on Twitter\"><\/div>\n<\/div>\n<div class=\"CallToAction-text\" data-scribe=\"element:conversation_text\">119K people are talking about this<\/div>\n<div class=\"CallToAction-chevron\" data-scribe=\"element:cta_chevron\">\n<div class=\"Icon Icon--chevronRightCTA \" title=\"View on Twitter\" role=\"img\" aria-label=\"View on Twitter\"><\/div>\n<\/div>\n<\/div>\n<\/div>\n<div class=\"resize-sensor\">\n<div class=\"resize-sensor-expand\">\n<div><\/div>\n<\/div>\n<div class=\"resize-sensor-shrink\">\n<div><\/div>\n<\/div>\n<\/div>\n<\/div>\n<p>O ministro das Rela\u00e7\u00f5es Exteriores do Ir\u00e3, Mohammed Javad Zarif, respondeu dizendo que Trump havia sido &#8220;instigado&#8221; a &#8220;provoca\u00e7\u00f5es genocidas&#8221;.<\/p>\n<div class=\"SandboxRoot env-bp-350\" data-twitter-event-id=\"2\">\n<div id=\"twitter-widget-2\" class=\"EmbeddedTweet EmbeddedTweet--cta js-clickToOpenTarget\" lang=\"en\" data-click-to-open-target=\"https:\/\/twitter.com\/JZarif\/status\/1130419673756049410\" data-iframe-title=\"Twitter Tweet\" data-scribe=\"page:tweet\" data-twitter-event-id=\"15\">\n<div class=\"EmbeddedTweet-tweetContainer\">\n<div class=\"EmbeddedTweet-tweet\">\n<blockquote class=\"Tweet h-entry js-tweetIdInfo subject expanded\" cite=\"https:\/\/twitter.com\/JZarif\/status\/1130419673756049410\" data-tweet-id=\"1130419673756049410\" data-scribe=\"section:subject\">\n<div class=\"Tweet-header\">\n<p><a class=\"TweetAuthor-avatar Identity-avatar u-linkBlend\" href=\"https:\/\/twitter.com\/JZarif\" data-scribe=\"element:user_link\" aria-label=\"Javad Zarif (screen name: JZarif)\"><img decoding=\"async\" class=\"Avatar\" src=\"https:\/\/i0.wp.com\/pbs.twimg.com\/profile_images\/919044790129479680\/ynB-VNL-_normal.jpg?w=525&#038;ssl=1\" alt=\"\" data-scribe=\"element:avatar\" data-src-2x=\"https:\/\/pbs.twimg.com\/profile_images\/919044790129479680\/ynB-VNL-_bigger.jpg\" data-src-1x=\"https:\/\/i0.wp.com\/pbs.twimg.com\/profile_images\/919044790129479680\/ynB-VNL-_normal.jpg?w=525&#038;ssl=1\" data-recalc-dims=\"1\" \/><\/a><\/p>\n<div class=\"TweetAuthor js-inViewportScribingTarget\" data-scribe=\"component:author\">\n<div class=\"TweetAuthor-nameScreenNameContainer\">\n<p><span class=\"TweetAuthor-decoratedName\"><span class=\"TweetAuthor-name Identity-name customisable-highlight\" title=\"Javad Zarif\" data-scribe=\"element:name\">Javad Zarif<\/span><\/span><\/p>\n<div class=\"Icon Icon--verified \" title=\"Verified Account\" role=\"img\" aria-label=\"Verified Account\"><\/div>\n<p><span class=\"TweetAuthor-decoratedName\"><span class=\"TweetAuthor-verifiedBadge\" data-scribe=\"element:verified_badge\"><b class=\"u-hiddenVisually\">\u2714<\/b><\/span><\/span><span class=\"TweetAuthor-screenName Identity-screenName\" dir=\"ltr\" title=\"@JZarif\" data-scribe=\"element:screen_name\">@JZarif<\/span><\/p>\n<\/div>\n<\/div>\n<div class=\"Tweet-brand\">\n<div class=\"Icon Icon--twitter \" title=\"View on Twitter\" role=\"presentation\" aria-label=\"View on Twitter\"><\/div>\n<\/div>\n<\/div>\n<div class=\"Tweet-body e-entry-content\" data-scribe=\"component:tweet\">\n<div class=\"Tweet-target js-inViewportScribingTarget\"><\/div>\n<p class=\"Tweet-text e-entry-title\" dir=\"ltr\" lang=\"en\">Goaded by <a class=\"PrettyLink hashtag customisable\" dir=\"ltr\" href=\"https:\/\/twitter.com\/hashtag\/B_Team?src=hash\" rel=\"tag\" data-query-source=\"hashtag_click\" data-scribe=\"element:hashtag\"><span class=\"PrettyLink-prefix\">#<\/span><span class=\"PrettyLink-value\">B_Team<\/span><\/a>, <a class=\"PrettyLink profile customisable h-card\" dir=\"ltr\" href=\"https:\/\/twitter.com\/realDonaldTrump\" data-mentioned-user-id=\"25073877\" data-scribe=\"element:mention\"><span class=\"PrettyLink-prefix\">@<\/span><span class=\"PrettyLink-value\">realdonaldTrump<\/span><\/a> hopes to achieve what Alexander, Genghis &amp; other aggressors failed to do. Iranians have stood tall for millennia while aggressors all gone. <a class=\"PrettyLink hashtag customisable\" dir=\"ltr\" href=\"https:\/\/twitter.com\/hashtag\/EconomicTerrorism?src=hash\" rel=\"tag\" data-query-source=\"hashtag_click\" data-scribe=\"element:hashtag\"><span class=\"PrettyLink-prefix\">#<\/span><span class=\"PrettyLink-value\">EconomicTerrorism<\/span><\/a> &amp; genocidal taunts won&#8217;t &#8220;end Iran&#8221;. <a class=\"PrettyLink hashtag customisable\" dir=\"ltr\" href=\"https:\/\/twitter.com\/hashtag\/NeverThreatenAnIranian?src=hash\" rel=\"tag\" data-query-source=\"hashtag_click\" data-scribe=\"element:hashtag\"><span class=\"PrettyLink-prefix\">#<\/span><span class=\"PrettyLink-value\">NeverThreatenAnIranian<\/span><\/a>. Try respect\u2014it works!<\/p>\n<div class=\"TweetInfo\">\n<div class=\"TweetInfo-like\">\n<div data-scribe=\"element:heart\">\n<div class=\"Icon Icon--heart \" title=\"Like\" role=\"img\" aria-label=\"Like\"><\/div>\n<\/div>\n<p><a class=\"TweetInfo-heart\" title=\"Like\" href=\"https:\/\/twitter.com\/intent\/like?tweet_id=1130419673756049410\" data-scribe=\"component:actions\"><span class=\"TweetInfo-heartStat\" data-scribe=\"element:heart_count\">7,012<\/span><\/a><\/p>\n<\/div>\n<div class=\"TweetInfo-timeGeo\"><a class=\"u-linkBlend u-url customisable-highlight long-permalink\" href=\"https:\/\/twitter.com\/JZarif\/status\/1130419673756049410\" data-datetime=\"2019-05-20T10:27:07+0000\" data-scribe=\"element:full_timestamp\"><time class=\"dt-updated\" title=\"Time posted: May 20, 2019 10:27:07 (UTC)\" datetime=\"2019-05-20T10:27:07+0000\">7:27 AM &#8211; May 20, 2019<\/time><\/a><\/div>\n<div class=\"tweet-InformationCircle\" data-scribe=\"element:notice\"><a class=\"Icon Icon--informationCircleWhite js-inViewportScribingTarget\" title=\"Twitter Ads info and privacy\" href=\"https:\/\/support.twitter.com\/articles\/20175256\"><span class=\"u-hiddenVisually\">Twitter Ads info and privacy<\/span><\/a><\/div>\n<\/div>\n<\/div>\n<\/blockquote>\n<\/div>\n<div class=\"CallToAction-icon\" data-scribe=\"element:conversation_icon\">\n<div class=\"Icon Icon--replyCTA \" title=\"View conversation on Twitter\" role=\"img\" aria-label=\"View conversation on Twitter\"><\/div>\n<\/div>\n<div class=\"CallToAction-text\" data-scribe=\"element:conversation_text\">3,763 people are talking about this<\/div>\n<div class=\"CallToAction-chevron\" data-scribe=\"element:cta_chevron\">\n<div class=\"Icon Icon--chevronRightCTA \" title=\"View on Twitter\" role=\"img\" aria-label=\"View on Twitter\"><\/div>\n<\/div>\n<\/div>\n<\/div>\n<div class=\"resize-sensor\">\n<div class=\"resize-sensor-expand\">\n<div><\/div>\n<\/div>\n<div class=\"resize-sensor-shrink\">\n<div><\/div>\n<\/div>\n<\/div>\n<\/div>\n<p>Depois de se encontrar com o primeiro-ministro japon\u00eas Shinzo Abe, que se ofereceu para intermediar o di\u00e1logo entre Washington e Teer\u00e3, Trump disse em\u00a0<strong>27 de maio que<\/strong>\u00a0os EUA &#8221;\u00a0<a href=\"https:\/\/www.aljazeera.com\/news\/2019\/05\/trump-meets-japanese-emperor-trade-concerns-dominate-visit-190527012202887.html\">n\u00e3o<\/a>\u00a0estavam\u00a0<a href=\"https:\/\/www.aljazeera.com\/news\/2019\/05\/trump-meets-japanese-emperor-trade-concerns-dominate-visit-190527012202887.html\">buscando mudan\u00e7as de regime<\/a>\u00a0&#8221; no Ir\u00e3.<\/p>\n<div data-embed-type=\"Brightcove\" data-embed-id=\"6041605352001\">\n<table class=\"in-article-item video Fullwidth\" border=\"0\">\n<tbody>\n<tr>\n<td>\n<div class=\"mceVideoBox\">\n<div id=\"bcvid_6041605352001\">\n<div>\n<div><iframe src=\"https:\/\/players.brightcove.net\/665003303001\/4k5gFJHRe_default\/index.html?videoId=6041605352001&amp;usrPersonaAds=0\" allowfullscreen=\"allowfullscreen\" data-mce-fragment=\"1\"><\/iframe><\/div>\n<\/div>\n<\/div>\n<\/div>\n<\/td>\n<\/tr>\n<tr>\n<td>\n<div class=\"meta\">Trump diz que EUA n\u00e3o buscam &#8216;mudan\u00e7a de regime&#8217; no Ir\u00e3<\/div>\n<\/td>\n<\/tr>\n<\/tbody>\n<\/table>\n<\/div>\n<h3>Shinzo Abe em Teer\u00e3<\/h3>\n<p><strong>Em 12 de junho,<\/strong>\u00a0\u00a0Abe\u00a0<a href=\"https:\/\/www.aljazeera.com\/news\/2019\/06\/japan-abe-urges-iran-play-constructive-role-peace-190612170917120.html\">chegou a Teer\u00e3<\/a>\u00a0em uma tentativa de mediar entre os EUA e o Ir\u00e3.<\/p>\n<p>Um dia depois, ele conheceu o l\u00edder supremo do Ir\u00e3, o\u00a0\u00a0<a href=\"https:\/\/www.aljazeera.com\/programmes\/specialseries\/2017\/11\/knew-khomeini-171113131825740.html\">aiatol\u00e1 Ali Khamenei,<\/a>\u00a0\u00a0que lhe disse: &#8220;N\u00e3o considero Trump uma pessoa digna de trocar mensagens. N\u00e3o tenho resposta para ele e n\u00e3o vou responder&#8221;.<\/p>\n<div data-embed-type=\"Brightcove\" data-embed-id=\"6047704156001\">\n<table class=\"in-article-item video Fullwidth\" border=\"0\">\n<tbody>\n<tr>\n<td>\n<div class=\"mceVideoBox\">\n<div id=\"bcvid_6047704156001\">\n<div>\n<div><iframe src=\"https:\/\/players.brightcove.net\/665003303001\/4k5gFJHRe_default\/index.html?videoId=6047704156001&amp;usrPersonaAds=0\" allowfullscreen=\"allowfullscreen\" data-mce-fragment=\"1\"><\/iframe><\/div>\n<\/div>\n<\/div>\n<\/div>\n<\/td>\n<\/tr>\n<tr>\n<td>\n<div class=\"meta\"><a href=\"https:\/\/youtu.be\/tmwwkLUEieU\" target=\"_blank\" rel=\"noopener\">Abe, do Jap\u00e3o, exorta o Ir\u00e3 a desempenhar um papel construtivo pela paz (2:19)<\/a><\/div>\n<\/td>\n<\/tr>\n<\/tbody>\n<\/table>\n<\/div>\n<h3>Novo incidente de remessa<\/h3>\n<p><strong>Em 13 de junho,<\/strong>\u00a0\u00a0com Abe ainda no Ir\u00e3, um petroleiro japon\u00eas e um noruegu\u00eas foram &#8221;\u00a0<a class=\"InternalLink\" href=\"https:\/\/www.aljazeera.com\/news\/2019\/06\/holds-iran-responsible-reported-gulf-attacks-tankers-190613183053625.html\">atacados<\/a>\u00a0&#8221; no Golfo de Om\u00e3, segundo a autoridade mar\u00edtima norueguesa e o armador japon\u00eas.<\/p>\n<p>A Quinta Frota dos EUA disse que recebeu dois pedidos de socorro separados dos navios-tanque em um &#8220;ataque relatado&#8221;.<\/p>\n<p>O Ir\u00e3 falou inicialmente de &#8220;acidentes&#8221; e disse que resgatou 44 tripulantes.\u00a0Zarif classificou &#8220;ataques&#8221; de navios-tanque durante a visita de Abe &#8220;suspeitos&#8221;.<\/p>\n<h3>Mais tropas americanas na regi\u00e3o<\/h3>\n<p><strong>Em 17 de junho,<\/strong>\u00a0o Pent\u00e1gono\u00a0<a href=\"https:\/\/www.aljazeera.com\/news\/2019\/06\/send-1000-troops-middle-east-iran-tensions-190617234038566.html\">autorizou<\/a>\u00a0\u00a0o envio de 1.000 soldados adicionais para o Oriente M\u00e9dio.<\/p>\n<p>Na mesma data, o Ir\u00e3 disse que estava a dez dias de ultrapassar os limites estabelecidos pelo acordo nuclear em seu estoque de ur\u00e2nio pouco enriquecido.<\/p>\n<p>O Ir\u00e3 disse que poderia reverter a a\u00e7\u00e3o se os signat\u00e1rios europeus do acordo intervirem e tentarem contornar as san\u00e7\u00f5es dos EUA.<\/p>\n<h3>Drone dos EUA \u00e9 abatido<\/h3>\n<p><strong><a name=\"drone\"><\/a>Em 20 de junho,<\/strong>\u00a0as for\u00e7as iranianas\u00a0<a href=\"https:\/\/www.aljazeera.com\/news\/2019\/06\/drone-shot-down-iran-protests-provocative-act-190621113054073.html\">abateram<\/a>\u00a0um avi\u00e3o militar americano.<\/p>\n<p>Ambos os pa\u00edses confirmaram o incidente, mas oferecem contas divergentes sobre a localiza\u00e7\u00e3o da aeronave.<\/p>\n<p>Os EUA disseram que estavam voando acima das \u00e1guas internacionais, enquanto o Ir\u00e3 disse que o drone estava voando no espa\u00e7o a\u00e9reo iraniano.<\/p>\n<div data-embed-type=\"Brightcove\" data-embed-id=\"6050750117001\">\n<table class=\"in-article-item video Fullwidth\" border=\"0\">\n<tbody>\n<tr>\n<td>\n<div class=\"mceVideoBox\">\n<div id=\"bcvid_6050750117001\">\n<div>\n<div><iframe src=\"https:\/\/players.brightcove.net\/665003303001\/4k5gFJHRe_default\/index.html?videoId=6050750117001&amp;usrPersonaAds=0\" allowfullscreen=\"allowfullscreen\" data-mce-fragment=\"1\"><\/iframe><\/div>\n<\/div>\n<\/div>\n<\/div>\n<\/td>\n<\/tr>\n<tr>\n<td>\n<div class=\"meta\"><a href=\"https:\/\/youtu.be\/NUdbFUiBxao\" target=\"_blank\" rel=\"noopener\">Drone dos EUA abate: Ir\u00e3 protesta por &#8216;ato provocador&#8217; (1:40)<\/a><\/div>\n<\/td>\n<\/tr>\n<\/tbody>\n<\/table>\n<\/div>\n<h3>Trump diz que cancelou um ataque<\/h3>\n<p><strong><a name=\"attack\"><\/a>Em 21 de junho,<\/strong>\u00a0Trump\u00a0<a href=\"https:\/\/twitter.com\/realDonaldTrump\/status\/1142055388965212161\" target=\"_blank\" rel=\"noopener\">disse\u00a0<\/a>\u00a0que cancelou um ataque militar ao Ir\u00e3 na noite anterior, que pretendia ser uma retalia\u00e7\u00e3o contra Teer\u00e3 pela derrubada do drone n\u00e3o tripulado dos EUA.<\/p>\n<p>Trump disse que o fez 10 minutos antes do ataque planejado devido a poss\u00edveis v\u00edtimas, dizendo que &#8220;n\u00e3o era proporcional a abater um drone n\u00e3o tripulado&#8221;.<\/p>\n<p>Trump disse que um ataque norte-americano poderia ter matado 150 pessoas e sinalizou que ele estava aberto a negocia\u00e7\u00f5es com Teer\u00e3.<\/p>\n<div class=\"SandboxRoot env-bp-350\" data-twitter-event-id=\"3\">\n<div id=\"twitter-widget-3\" class=\"EmbeddedTweet EmbeddedTweet--cta js-clickToOpenTarget\" lang=\"en\" data-click-to-open-target=\"https:\/\/twitter.com\/realDonaldTrump\/status\/1142055392488374272\" data-iframe-title=\"Twitter Tweet\" data-scribe=\"page:tweet\" data-twitter-event-id=\"11\">\n<div class=\"EmbeddedTweet-ancestor EmbeddedTweet-ancestor--repliesRefresh\" data-scribe=\"section:conversation\">\n<blockquote class=\"Tweet Tweet--compact h-entry reply js-tweetIdInfo\" cite=\"https:\/\/twitter.com\/realDonaldTrump\/status\/1142055388965212161\" data-tweet-id=\"1142055388965212161\">\n<div class=\"Tweet-ancestorContainer Tweet-ancestorContainer--repliesRefresh\">\n<p><a class=\"TweetAuthor-avatar TweetAuthor-avatar--ancestor Identity-avatar u-linkBlend\" href=\"https:\/\/twitter.com\/realDonaldTrump\" data-scribe=\"element:user_link\" aria-label=\"Donald J. Trump (screen name: realDonaldTrump)\"><img decoding=\"async\" class=\"Avatar\" src=\"https:\/\/i1.wp.com\/pbs.twimg.com\/profile_images\/874276197357596672\/kUuht00m_normal.jpg?w=525&#038;ssl=1\" alt=\"\" data-scribe=\"element:avatar\" data-src-2x=\"https:\/\/pbs.twimg.com\/profile_images\/874276197357596672\/kUuht00m_bigger.jpg\" data-src-1x=\"https:\/\/i1.wp.com\/pbs.twimg.com\/profile_images\/874276197357596672\/kUuht00m_normal.jpg?w=525&#038;ssl=1\" data-recalc-dims=\"1\" \/><\/a><\/p>\n<div class=\"Tweet-ancestorContents Tweet-ancestorContents--repliesRefresh\">\n<div class=\"Tweet-header\">\n<div class=\"TweetAuthor js-inViewportScribingTarget TweetAuthor--oneLine\" data-scribe=\"component:author\">\n<div class=\"TweetAuthor-nameScreenNameContainer\">\n<p><span class=\"TweetAuthor-decoratedName\"><span class=\"TweetAuthor-name Identity-name customisable-highlight\" title=\"Donald J. Trump\" data-scribe=\"element:name\">Donald J. Trump<\/span><\/span><\/p>\n<div class=\"Icon Icon--verified \" title=\"Verified Account\" role=\"img\" aria-label=\"Verified Account\"><\/div>\n<p><span class=\"TweetAuthor-decoratedName\"><span class=\"TweetAuthor-verifiedBadge\" data-scribe=\"element:verified_badge\"><b class=\"u-hiddenVisually\">\u2714<\/b><\/span><\/span><span class=\"TweetAuthor-screenName Identity-screenName\" dir=\"ltr\" title=\"@realDonaldTrump\" data-scribe=\"element:screen_name\">@realDonaldTrump<\/span><\/p>\n<\/div>\n<\/div>\n<div class=\"Tweet-metadata\">\u00a0\u00b7\u00a0<a class=\"u-linkBlend u-url permalink customisable-highlight\" href=\"https:\/\/twitter.com\/realDonaldTrump\/status\/1142055388965212161\" data-scribe=\"element:mini_timestamp\"><time class=\"dt-updated\" title=\"Time posted: June 21, 2019 13:03:17 (UTC)\" datetime=\"2019-06-21T13:03:17+0000\" aria-label=\"Posted on Jun 21, 2019\">Jun 21, 2019<\/time><\/a><\/div>\n<div class=\"Tweet-brand\">\n<div class=\"Icon Icon--twitter \" title=\"View on Twitter\" role=\"presentation\" aria-label=\"View on Twitter\"><\/div>\n<\/div>\n<\/div>\n<div class=\"Tweet-inReplyTo\"><a class=\"u-linkBlend\" href=\"https:\/\/twitter.com\/_\/status\/1142055383193804801\" data-scribe=\"element:in_reply_to_user_link\">Replying to @realDonaldTrump<\/a><\/div>\n<div class=\"Tweet-body e-entry-content\" data-scribe=\"component:tweet\">\n<p class=\"Tweet-text e-entry-title\" dir=\"ltr\" lang=\"en\">&#8230;.On Monday they shot down an unmanned drone flying in International Waters. We were cocked &amp; loaded to retaliate last night on 3 different sights when I asked, how many will die. 150 people, sir, was the answer from a General. 10 minutes before the strike I stopped it, not&#8230;.<\/p>\n<\/div>\n<\/div>\n<\/div>\n<\/blockquote>\n<\/div>\n<div class=\"EmbeddedTweet-tweetContainer\">\n<div class=\"EmbeddedTweet-tweet\">\n<blockquote class=\"Tweet h-entry js-tweetIdInfo subject expanded\" cite=\"https:\/\/twitter.com\/realDonaldTrump\/status\/1142055392488374272\" data-tweet-id=\"1142055392488374272\" data-scribe=\"section:subject\">\n<div class=\"Tweet-header\">\n<p><a class=\"TweetAuthor-avatar Identity-avatar u-linkBlend\" href=\"https:\/\/twitter.com\/realDonaldTrump\" data-scribe=\"element:user_link\" aria-label=\"Donald J. Trump (screen name: realDonaldTrump)\"><img decoding=\"async\" class=\"Avatar\" src=\"https:\/\/i1.wp.com\/pbs.twimg.com\/profile_images\/874276197357596672\/kUuht00m_normal.jpg?w=525&#038;ssl=1\" alt=\"\" data-scribe=\"element:avatar\" data-src-2x=\"https:\/\/pbs.twimg.com\/profile_images\/874276197357596672\/kUuht00m_bigger.jpg\" data-src-1x=\"https:\/\/i1.wp.com\/pbs.twimg.com\/profile_images\/874276197357596672\/kUuht00m_normal.jpg?w=525&#038;ssl=1\" data-recalc-dims=\"1\" \/><\/a><\/p>\n<div class=\"TweetAuthor js-inViewportScribingTarget\" data-scribe=\"component:author\">\n<div class=\"TweetAuthor-nameScreenNameContainer\">\n<p><span class=\"TweetAuthor-decoratedName\"><span class=\"TweetAuthor-name Identity-name customisable-highlight\" title=\"Donald J. Trump\" data-scribe=\"element:name\">Donald J. Trump<\/span><\/span><\/p>\n<div class=\"Icon Icon--verified \" title=\"Verified Account\" role=\"img\" aria-label=\"Verified Account\"><\/div>\n<p><span class=\"TweetAuthor-decoratedName\"><span class=\"TweetAuthor-verifiedBadge\" data-scribe=\"element:verified_badge\"><b class=\"u-hiddenVisually\">\u2714<\/b><\/span><\/span><span class=\"TweetAuthor-screenName Identity-screenName\" dir=\"ltr\" title=\"@realDonaldTrump\" data-scribe=\"element:screen_name\">@realDonaldTrump<\/span><\/p>\n<\/div>\n<\/div>\n<\/div>\n<div class=\"Tweet-body e-entry-content\" data-scribe=\"component:tweet\">\n<div class=\"Tweet-target js-inViewportScribingTarget\"><\/div>\n<p class=\"Tweet-text e-entry-title\" dir=\"ltr\" lang=\"en\">&#8230;.proportionate to shooting down an unmanned drone. I am in no hurry, our Military is rebuilt, new, and ready to go, by far the best in the world. Sanctions are biting &amp; more added last night. Iran can NEVER have Nuclear Weapons, not against the USA, and not against the WORLD!<\/p>\n<div class=\"TweetInfo\">\n<div class=\"TweetInfo-like\">\n<div data-scribe=\"element:heart\">\n<div class=\"Icon Icon--heart \" title=\"Like\" role=\"img\" aria-label=\"Like\"><\/div>\n<\/div>\n<p><a class=\"TweetInfo-heart\" title=\"Like\" href=\"https:\/\/twitter.com\/intent\/like?tweet_id=1142055392488374272\" data-scribe=\"component:actions\"><span class=\"TweetInfo-heartStat\" data-scribe=\"element:heart_count\">138K<\/span><\/a><\/p>\n<\/div>\n<div class=\"TweetInfo-timeGeo\"><a class=\"u-linkBlend u-url customisable-highlight long-permalink\" href=\"https:\/\/twitter.com\/realDonaldTrump\/status\/1142055392488374272\" data-datetime=\"2019-06-21T13:03:18+0000\" data-scribe=\"element:full_timestamp\"><time class=\"dt-updated\" title=\"Time posted: June 21, 2019 13:03:18 (UTC)\" datetime=\"2019-06-21T13:03:18+0000\">10:03 AM &#8211; Jun 21, 2019<\/time><\/a><\/div>\n<div class=\"tweet-InformationCircle\" data-scribe=\"element:notice\"><a class=\"Icon Icon--informationCircleWhite js-inViewportScribingTarget\" title=\"Twitter Ads info and privacy\" href=\"https:\/\/support.twitter.com\/articles\/20175256\"><span class=\"u-hiddenVisually\">Twitter Ads info and privacy<\/span><\/a><\/div>\n<\/div>\n<\/div>\n<\/blockquote>\n<\/div>\n<div class=\"CallToAction-icon\" data-scribe=\"element:conversation_icon\">\n<div class=\"Icon Icon--replyCTA \" title=\"View conversation on Twitter\" role=\"img\" aria-label=\"View conversation on Twitter\"><\/div>\n<\/div>\n<div class=\"CallToAction-text\" data-scribe=\"element:conversation_text\">49.1K people are talking about this<\/div>\n<div class=\"CallToAction-chevron\" data-scribe=\"element:cta_chevron\">\n<div class=\"Icon Icon--chevronRightCTA \" title=\"View on Twitter\" role=\"img\" aria-label=\"View on Twitter\"><\/div>\n<\/div>\n<\/div>\n<\/div>\n<div class=\"resize-sensor\">\n<div class=\"resize-sensor-expand\">\n<div><\/div>\n<\/div>\n<div class=\"resize-sensor-shrink\">\n<div><\/div>\n<\/div>\n<\/div>\n<\/div>\n<h3>Ir\u00e3 para &#8216;enfrentar e amea\u00e7ar&#8217;<\/h3>\n<p>Em\u00a0\u00a0<strong>22 de junho, o<\/strong>\u00a0\u00a0Ir\u00e3\u00a0\u00a0<a class=\"InternalLink\" href=\"https:\/\/www.aljazeera.com\/news\/2019\/06\/iran-confront-threat-trump-warns-obliteration-190622081001964.html\">disse que estava pronto<\/a>\u00a0\u00a0para responder firmemente a qualquer amea\u00e7a dos EUA contra ele.<\/p>\n<p>&#8220;N\u00e3o permitiremos nenhuma viola\u00e7\u00e3o \u00e0s fronteiras do Ir\u00e3. O Ir\u00e3 enfrentar\u00e1 firmemente qualquer agress\u00e3o ou amea\u00e7a dos EUA&#8221;, disse Abbas Mousavi,\u00a0\u00a0porta-voz do Minist\u00e9rio das Rela\u00e7\u00f5es Exteriores\u00a0.<\/p>\n<p>No mesmo dia, o Ir\u00e3 ordenou a\u00a0<a class=\"InternalLink\" href=\"https:\/\/www.aljazeera.com\/news\/middleeast\/2019\/06\/iran-executes-defence-ministry-contractor-spying-cia-190622165456378.html\">\u00a0execu\u00e7\u00e3o<\/a>\u00a0\u00a0de um &#8220;contratado do Minist\u00e9rio da Defesa&#8221; condenado por espionagem pela Ag\u00eancia Central de Intelig\u00eancia dos EUA, enquanto os EUA\u00a0\u00a0<a href=\"https:\/\/www.aljazeera.com\/news\/2019\/06\/vows-major-sanctions-iran-190622195442933.html\">prometeram<\/a>\u00a0\u00a0impor novas san\u00e7\u00f5es, acrescentando que a a\u00e7\u00e3o militar ainda estava &#8220;em cima da mesa&#8221;.<\/p>\n<h3>Novas san\u00e7\u00f5es dos EUA<\/h3>\n<p>Em\u00a0\u00a0<strong>25 de junho,\u00a0<\/strong>\u00a0Trump\u00a0<a class=\"InternalLink\" href=\"https:\/\/www.aljazeera.com\/news\/2019\/06\/trump-imposes-sanctions-iran-targets-supreme-leader-190624161044665.html\">\u00a0assinou uma ordem<\/a>\u00a0\u00a0visando\u00a0Khamenei,\u00a0\u00a0o l\u00edder supremo do Ir\u00e3 e se associa a san\u00e7\u00f5es financeiras adicionais<\/p>\n<p>&#8220;As san\u00e7\u00f5es impostas por meio da ordem executiva &#8230; negar\u00e3o ao l\u00edder supremo e ao escrit\u00f3rio do l\u00edder supremo, e aqueles que est\u00e3o intimamente afiliados a ele e ao escrit\u00f3rio, acesso aos principais recursos financeiros e apoio&#8221;, afirmou o presidente dos EUA.<\/p>\n<p>Respondendo ao an\u00fancio, Zarif, o ministro das Rela\u00e7\u00f5es Exteriores do Ir\u00e3, twittou que pol\u00edticos hawkish perto de Trump estavam mais sedentos por guerra do que por diplomacia.<\/p>\n<div class=\"SandboxRoot env-bp-350\" data-twitter-event-id=\"4\">\n<div id=\"twitter-widget-4\" class=\"EmbeddedTweet EmbeddedTweet--cta js-clickToOpenTarget\" lang=\"en\" data-click-to-open-target=\"https:\/\/twitter.com\/JZarif\/status\/1143223050894270464\" data-iframe-title=\"Twitter Tweet\" data-scribe=\"page:tweet\" data-twitter-event-id=\"10\">\n<div class=\"EmbeddedTweet-tweetContainer\">\n<div class=\"EmbeddedTweet-tweet\">\n<blockquote class=\"Tweet h-entry js-tweetIdInfo subject expanded\" cite=\"https:\/\/twitter.com\/JZarif\/status\/1143223050894270464\" data-tweet-id=\"1143223050894270464\" data-scribe=\"section:subject\">\n<div class=\"Tweet-header\">\n<p><a class=\"TweetAuthor-avatar Identity-avatar u-linkBlend\" href=\"https:\/\/twitter.com\/JZarif\" data-scribe=\"element:user_link\" aria-label=\"Javad Zarif (screen name: JZarif)\"><img decoding=\"async\" class=\"Avatar\" src=\"https:\/\/i0.wp.com\/pbs.twimg.com\/profile_images\/919044790129479680\/ynB-VNL-_normal.jpg?w=525&#038;ssl=1\" alt=\"\" data-scribe=\"element:avatar\" data-src-2x=\"https:\/\/pbs.twimg.com\/profile_images\/919044790129479680\/ynB-VNL-_bigger.jpg\" data-src-1x=\"https:\/\/i0.wp.com\/pbs.twimg.com\/profile_images\/919044790129479680\/ynB-VNL-_normal.jpg?w=525&#038;ssl=1\" data-recalc-dims=\"1\" \/><\/a><\/p>\n<div class=\"TweetAuthor js-inViewportScribingTarget\" data-scribe=\"component:author\">\n<div class=\"TweetAuthor-nameScreenNameContainer\">\n<p><span class=\"TweetAuthor-decoratedName\"><span class=\"TweetAuthor-name Identity-name customisable-highlight\" title=\"Javad Zarif\" data-scribe=\"element:name\">Javad Zarif<\/span><\/span><\/p>\n<div class=\"Icon Icon--verified \" title=\"Verified Account\" role=\"img\" aria-label=\"Verified Account\"><\/div>\n<p><span class=\"TweetAuthor-decoratedName\"><span class=\"TweetAuthor-verifiedBadge\" data-scribe=\"element:verified_badge\"><b class=\"u-hiddenVisually\">\u2714<\/b><\/span><\/span><span class=\"TweetAuthor-screenName Identity-screenName\" dir=\"ltr\" title=\"@JZarif\" data-scribe=\"element:screen_name\">@JZarif<\/span><\/p>\n<\/div>\n<\/div>\n<div class=\"Tweet-brand\">\n<div class=\"Icon Icon--twitter \" title=\"View on Twitter\" role=\"presentation\" aria-label=\"View on Twitter\"><\/div>\n<\/div>\n<\/div>\n<div class=\"Tweet-body e-entry-content\" data-scribe=\"component:tweet\">\n<div class=\"Tweet-target js-inViewportScribingTarget\"><\/div>\n<p class=\"Tweet-text e-entry-title\" dir=\"ltr\" lang=\"en\">.<a class=\"PrettyLink profile customisable h-card\" dir=\"ltr\" href=\"https:\/\/twitter.com\/realDonaldTrump\" data-mentioned-user-id=\"25073877\" data-scribe=\"element:mention\"><span class=\"PrettyLink-prefix\">@<\/span><span class=\"PrettyLink-value\">realDonaldTrump<\/span><\/a> is 100% right that the US military has no business in the Persian Gulf. Removal of its forces is fully in line with interests of US and the world. But it&#8217;s now clear that the <a class=\"PrettyLink hashtag customisable\" dir=\"ltr\" href=\"https:\/\/twitter.com\/hashtag\/B_Team?src=hash\" rel=\"tag\" data-query-source=\"hashtag_click\" data-scribe=\"element:hashtag\"><span class=\"PrettyLink-prefix\">#<\/span><span class=\"PrettyLink-value\">B_Team<\/span><\/a> is not concerned with US interests\u2014they despise diplomacy, and thirst for war.<\/p>\n<div class=\"TweetInfo\">\n<div class=\"TweetInfo-like\">\n<div data-scribe=\"element:heart\">\n<div class=\"Icon Icon--heart \" title=\"Like\" role=\"img\" aria-label=\"Like\"><\/div>\n<\/div>\n<p><a class=\"TweetInfo-heart\" title=\"Like\" href=\"https:\/\/twitter.com\/intent\/like?tweet_id=1143223050894270464\" data-scribe=\"component:actions\"><span class=\"TweetInfo-heartStat\" data-scribe=\"element:heart_count\">4,916<\/span><\/a><\/p>\n<\/div>\n<div class=\"TweetInfo-timeGeo\"><a class=\"u-linkBlend u-url customisable-highlight long-permalink\" href=\"https:\/\/twitter.com\/JZarif\/status\/1143223050894270464\" data-datetime=\"2019-06-24T18:23:10+0000\" data-scribe=\"element:full_timestamp\"><time class=\"dt-updated\" title=\"Time posted: June 24, 2019 18:23:10 (UTC)\" datetime=\"2019-06-24T18:23:10+0000\">3:23 PM &#8211; Jun 24, 2019<\/time><\/a><\/div>\n<div class=\"tweet-InformationCircle\" data-scribe=\"element:notice\"><a class=\"Icon Icon--informationCircleWhite js-inViewportScribingTarget\" title=\"Twitter Ads info and privacy\" href=\"https:\/\/support.twitter.com\/articles\/20175256\"><span class=\"u-hiddenVisually\">Twitter Ads info and privacy<\/span><\/a><\/div>\n<\/div>\n<\/div>\n<\/blockquote>\n<\/div>\n<div class=\"CallToAction-icon\" data-scribe=\"element:conversation_icon\">\n<div class=\"Icon Icon--replyCTA \" title=\"View conversation on Twitter\" role=\"img\" aria-label=\"View conversation on Twitter\"><\/div>\n<\/div>\n<div class=\"CallToAction-text\" data-scribe=\"element:conversation_text\">2,536 people are talking about this<\/div>\n<div class=\"CallToAction-chevron\" data-scribe=\"element:cta_chevron\">\n<div class=\"Icon Icon--chevronRightCTA \" title=\"View on Twitter\" role=\"img\" aria-label=\"View on Twitter\"><\/div>\n<\/div>\n<\/div>\n<\/div>\n<div class=\"resize-sensor\">\n<div class=\"resize-sensor-expand\">\n<div><\/div>\n<\/div>\n<div class=\"resize-sensor-shrink\">\n<div><\/div>\n<\/div>\n<\/div>\n<\/div>\n<p>Rouhani\u00a0\u00a0<a class=\"InternalLink\" href=\"https:\/\/www.aljazeera.com\/news\/2019\/06\/iran-rouhani-calls-white-house-actions-mentally-retarded-190625080055923.html\">considerou as san\u00e7\u00f5es<\/a>\u00a0\u00a0&#8220;ultrajantes e idiotas&#8221;, acrescentando que a &#8220;paci\u00eancia estrat\u00e9gica&#8221; de Teer\u00e3 n\u00e3o deve ser confundida com medo.<\/p>\n<h3>EUA empregam ca\u00e7as furtivos F-22<\/h3>\n<p>Em\u00a0<strong>29 de junho<\/strong>\u00a0,\u00a0\u00a0o Comando Central das For\u00e7as A\u00e9reas dos EUA disse em comunicado que\u00a0\u00a0ca\u00e7as furtivos F-22 Raptor estavam sendo enviados para a regi\u00e3o &#8220;para defender for\u00e7as e interesses americanos&#8221;.<\/p>\n<h3 dir=\"ltr\">Teer\u00e3 excede o limite de ur\u00e2nio<\/h3>\n<p dir=\"ltr\">Em\u00a0<strong>1\u00ba de julho<\/strong>\u00a0, o Ir\u00e3\u00a0<a class=\"InternalLink\" href=\"https:\/\/www.aljazeera.com\/news\/2019\/07\/iran-nuclear-deal-tehran-breaches-enriched-uranium-limit-190701095502586.html\">excedeu o limite<\/a>\u00a0da quantidade de ur\u00e2nio enriquecido em seu estoque estabelecido no acordo nuclear.<\/p>\n<p dir=\"ltr\">O\u00a0\u00a0\u00f3rg\u00e3o at\u00f4mico da Organiza\u00e7\u00e3o das Na\u00e7\u00f5es Unidas (ONU) confirmou\u00a0\u00a0que seus inspetores haviam verificado que o limite de 300 kg havia sido violado.<\/p>\n<p dir=\"ltr\">Zarif disse que o ac\u00famulo de ur\u00e2nio mais enriquecido do que o permitido pelo acordo n\u00e3o foi uma viola\u00e7\u00e3o do pacto.<\/p>\n<h3>Petroleiro carregando \u00f3leo iraniano parou<\/h3>\n<p>Em\u00a0<strong>4 de julho<\/strong>\u00a0, os fuzileiros navais brit\u00e2nicos, a pol\u00edcia e os agentes aduaneiros de Gibraltar\u00a0<a class=\"InternalLink\" href=\"https:\/\/www.aljazeera.com\/news\/2019\/07\/oil-supertanker-bound-syria-held-gibraltar-uk-marines-190704070246306.html\">apreenderam um superpetroleiro<\/a>\u00a0\u00a0acusado de transportar petr\u00f3leo bruto iraniano para a S\u00edria, violando as san\u00e7\u00f5es da Uni\u00e3o Europeia.<\/p>\n<p>O navio Grace 1 foi embarcado na quinta-feira quando desacelerou em uma \u00e1rea designada usada pelas ag\u00eancias de transporte para transportar mercadorias para navios no territ\u00f3rio do Reino Unido ao longo da costa sul da Espanha.<\/p>\n<h3>Ir\u00e3 passa novo limite de acordo nuclear<\/h3>\n<p>Em\u00a0<strong>8 de julho, o<\/strong>\u00a0Ir\u00e3\u00a0<a class=\"InternalLink\" href=\"https:\/\/www.aljazeera.com\/news\/2019\/07\/iran-passes-nuclear-deal-limit-china-blames-crisis-190708090225124.html\">aprovou o limite de enriquecimento de ur\u00e2nio<\/a>\u00a0estabelecido no acordo nuclear, pela segunda vez em uma semana que cumpriu a promessa de reduzir o cumprimento do acordo.<\/p>\n<div data-embed-type=\"Brightcove\" data-embed-id=\"6056325222001\">\n<table class=\"in-article-item video Fullwidth\" border=\"0\">\n<tbody>\n<tr>\n<td>\n<div class=\"mceVideoBox\">\n<div id=\"bcvid_6056325222001\">\n<div>\n<div><iframe src=\"https:\/\/players.brightcove.net\/665003303001\/4k5gFJHRe_default\/index.html?videoId=6056325222001&amp;usrPersonaAds=0\" allowfullscreen=\"allowfullscreen\" data-mce-fragment=\"1\"><\/iframe><\/div>\n<\/div>\n<\/div>\n<\/div>\n<\/td>\n<\/tr>\n<tr>\n<td>\n<div class=\"meta\">Ir\u00e3 deve exceder o limite de enriquecimento de ur\u00e2nio em acordo nuclear de 2015 (3:31)<\/div>\n<\/td>\n<\/tr>\n<\/tbody>\n<\/table>\n<\/div>\n<h3>Capit\u00e3o do navio iraniano preso<\/h3>\n<p>Em 12 de julho, a pol\u00edcia de Gilbratar prendeu o capit\u00e3o e o chefe de um navio-tanque iraniano que foram apreendidos pelas for\u00e7as brit\u00e2nicas na semana anterior.<\/p>\n<h3>Ir\u00e3 apreende petroleiro brit\u00e2nico<\/h3>\n<p>Em\u00a0<strong>19 de julho<\/strong>\u00a0, o\u00a0\u00a0IRGC\u00a0\u00a0<a class=\"InternalLink\" href=\"https:\/\/www.aljazeera.com\/news\/2019\/07\/iran-seized-british-oil-tanker-gulf-190719180058275.html\">disse que suas for\u00e7as<\/a>\u00a0\u00a0apreenderam um petroleiro brit\u00e2nico no Estreito de Ormuz.<\/p>\n<p>O navio-tanque Stena Impero &#8220;foi confiscado pela Guarda Revolucion\u00e1ria a pedido da Organiza\u00e7\u00e3o Mar\u00edtima e Portu\u00e1ria de Hormozgan ao passar pelo Estreito de Hormuz, por n\u00e3o respeitar as regras mar\u00edtimas internacionais&#8221;, afirmou a for\u00e7a em seu site oficial na \u00e9poca.<\/p>\n<div class=\"SandboxRoot env-bp-350\" data-twitter-event-id=\"5\">\n<div id=\"twitter-widget-5\" class=\"EmbeddedTweet EmbeddedTweet--cta js-clickToOpenTarget\" lang=\"en\" data-click-to-open-target=\"https:\/\/twitter.com\/PressTV\/status\/1152597789362262016\" data-iframe-title=\"Twitter Tweet\" data-scribe=\"page:tweet\" data-twitter-event-id=\"13\">\n<div class=\"EmbeddedTweet-tweetContainer\">\n<div class=\"EmbeddedTweet-tweet\">\n<blockquote class=\"Tweet h-entry js-tweetIdInfo subject expanded\" cite=\"https:\/\/twitter.com\/PressTV\/status\/1152597789362262016\" data-tweet-id=\"1152597789362262016\" data-scribe=\"section:subject\">\n<div class=\"Tweet-header\">\n<p><a class=\"TweetAuthor-avatar Identity-avatar u-linkBlend\" href=\"https:\/\/twitter.com\/PressTV\" data-scribe=\"element:user_link\" aria-label=\"Press TV (screen name: PressTV)\"><img decoding=\"async\" class=\"Avatar\" src=\"https:\/\/i2.wp.com\/pbs.twimg.com\/profile_images\/1089034838903087104\/nqNfkr44_normal.jpg?w=525&#038;ssl=1\" alt=\"\" data-scribe=\"element:avatar\" data-src-2x=\"https:\/\/pbs.twimg.com\/profile_images\/1089034838903087104\/nqNfkr44_bigger.jpg\" data-src-1x=\"https:\/\/i2.wp.com\/pbs.twimg.com\/profile_images\/1089034838903087104\/nqNfkr44_normal.jpg?w=525&#038;ssl=1\" data-recalc-dims=\"1\" \/><\/a><\/p>\n<div class=\"TweetAuthor js-inViewportScribingTarget\" data-scribe=\"component:author\">\n<div class=\"TweetAuthor-nameScreenNameContainer\">\n<p><span class=\"TweetAuthor-decoratedName\"><span class=\"TweetAuthor-name Identity-name customisable-highlight\" title=\"Press TV\" data-scribe=\"element:name\">Press TV<\/span><\/span><\/p>\n<div class=\"Icon Icon--verified \" title=\"Verified Account\" role=\"img\" aria-label=\"Verified Account\"><\/div>\n<p><span class=\"TweetAuthor-decoratedName\"><span class=\"TweetAuthor-verifiedBadge\" data-scribe=\"element:verified_badge\"><b class=\"u-hiddenVisually\">\u2714<\/b><\/span><\/span><span class=\"TweetAuthor-screenName Identity-screenName\" dir=\"ltr\" title=\"@PressTV\" data-scribe=\"element:screen_name\">@PressTV<\/span><\/p>\n<\/div>\n<\/div>\n<div class=\"Tweet-brand\">\n<div class=\"Icon Icon--twitter \" title=\"View on Twitter\" role=\"presentation\" aria-label=\"View on Twitter\"><\/div>\n<\/div>\n<\/div>\n<div class=\"Tweet-body e-entry-content\" data-scribe=\"component:tweet\">\n<div class=\"Tweet-target js-inViewportScribingTarget\"><\/div>\n<p class=\"Tweet-text e-entry-title\" dir=\"ltr\" lang=\"en\">IRGC releases a video of the moment that their forces seized <a class=\"PrettyLink hashtag customisable\" dir=\"ltr\" href=\"https:\/\/twitter.com\/hashtag\/British?src=hash\" rel=\"tag\" data-query-source=\"hashtag_click\" data-scribe=\"element:hashtag\"><span class=\"PrettyLink-prefix\">#<\/span><span class=\"PrettyLink-value\">British<\/span><\/a> <a class=\"PrettyLink hashtag customisable\" dir=\"ltr\" href=\"https:\/\/twitter.com\/hashtag\/tanker?src=hash\" rel=\"tag\" data-query-source=\"hashtag_click\" data-scribe=\"element:hashtag\"><span class=\"PrettyLink-prefix\">#<\/span><span class=\"PrettyLink-value\">tanker<\/span><\/a> <a class=\"PrettyLink hashtag customisable\" dir=\"ltr\" href=\"https:\/\/twitter.com\/hashtag\/StenaImpero?src=hash\" rel=\"tag\" data-query-source=\"hashtag_click\" data-scribe=\"element:hashtag\"><span class=\"PrettyLink-prefix\">#<\/span><span class=\"PrettyLink-value\">StenaImpero<\/span><\/a> in <a class=\"PrettyLink hashtag customisable\" dir=\"ltr\" href=\"https:\/\/twitter.com\/hashtag\/StraitOfHormuz?src=hash\" rel=\"tag\" data-query-source=\"hashtag_click\" data-scribe=\"element:hashtag\"><span class=\"PrettyLink-prefix\">#<\/span><span class=\"PrettyLink-value\">StraitOfHormuz<\/span><\/a>. <a class=\"PrettyLink hashtag customisable\" dir=\"ltr\" href=\"https:\/\/twitter.com\/hashtag\/Iran?src=hash\" rel=\"tag\" data-query-source=\"hashtag_click\" data-scribe=\"element:hashtag\"><span class=\"PrettyLink-prefix\">#<\/span><span class=\"PrettyLink-value\">Iran<\/span><\/a> <a class=\"PrettyLink hashtag customisable\" dir=\"ltr\" href=\"https:\/\/twitter.com\/hashtag\/IRGC?src=hash\" rel=\"tag\" data-query-source=\"hashtag_click\" data-scribe=\"element:hashtag\"><span class=\"PrettyLink-prefix\">#<\/span><span class=\"PrettyLink-value\">IRGC<\/span><\/a> <a class=\"PrettyLink hashtag customisable\" dir=\"ltr\" href=\"https:\/\/twitter.com\/hashtag\/UnitedKingdom?src=hash\" rel=\"tag\" data-query-source=\"hashtag_click\" data-scribe=\"element:hashtag\"><span class=\"PrettyLink-prefix\">#<\/span><span class=\"PrettyLink-value\">UnitedKingdom<\/span><\/a><\/p>\n<div class=\"Tweet-card\">\n<article class=\"MediaCard cards-multimedia customisable-border\" dir=\"ltr\" data-scribe=\"component:card\">\n<div class=\"MediaCard-media\">\n<div class=\"MediaCard-widthConstraint js-cspForcedStyle\" data-style=\"max-width: 2000px\">\n<div class=\"MediaCard-mediaContainer MediaCard--roundedTop MediaCard--roundedBottom js-cspForcedStyle\" data-style=\"padding-bottom: 56.2500%\">\n<div class=\"NaturalImage-ctaOverlay PlayButton PlayButton--centered\" data-scribe=\"element:play_button\">\n<div class=\"Icon Icon--playCircle \" title=\"Play Media\" role=\"img\" aria-label=\"Play Media\"><\/div>\n<\/div>\n<p><a class=\"MediaCard-mediaAsset MediaCard-mediaPlaceholder NaturalImage NaturalImage--fill js-playableMediaInterstitial\" href=\"https:\/\/twitter.com\/PressTV\/status\/1152597789362262016\"><img decoding=\"async\" class=\"NaturalImage-image\" src=\"https:\/\/pbs.twimg.com\/ext_tw_video_thumb\/1152596904959782923\/pu\/img\/ZEVjkiS4wn7FoBLm?format=jpg&amp;name=small\" alt=\"Embedded video\" data-image=\"https:\/\/pbs.twimg.com\/ext_tw_video_thumb\/1152596904959782923\/pu\/img\/ZEVjkiS4wn7FoBLm\" data-scribe=\"element:poster_image\" \/><\/a><\/p>\n<\/div>\n<\/div>\n<\/div>\n<\/article>\n<\/div>\n<div class=\"TweetInfo\">\n<div class=\"TweetInfo-like\">\n<div data-scribe=\"element:heart\">\n<div class=\"Icon Icon--heart \" title=\"Like\" role=\"img\" aria-label=\"Like\"><\/div>\n<\/div>\n<p><a class=\"TweetInfo-heart\" title=\"Like\" href=\"https:\/\/twitter.com\/intent\/like?tweet_id=1152597789362262016\" data-scribe=\"component:actions\"><span class=\"TweetInfo-heartStat\" data-scribe=\"element:heart_count\">549<\/span><\/a><\/p>\n<\/div>\n<div class=\"TweetInfo-timeGeo\"><a class=\"u-linkBlend u-url customisable-highlight long-permalink\" href=\"https:\/\/twitter.com\/PressTV\/status\/1152597789362262016\" data-datetime=\"2019-07-20T15:15:01+0000\" data-scribe=\"element:full_timestamp\"><time class=\"dt-updated\" title=\"Time posted: July 20, 2019 15:15:01 (UTC)\" datetime=\"2019-07-20T15:15:01+0000\">12:15 PM &#8211; Jul 20, 2019<\/time><\/a><\/div>\n<div class=\"tweet-InformationCircle\" data-scribe=\"element:notice\"><a class=\"Icon Icon--informationCircleWhite js-inViewportScribingTarget\" title=\"Twitter Ads info and privacy\" href=\"https:\/\/support.twitter.com\/articles\/20175256\"><span class=\"u-hiddenVisually\">Twitter Ads info and privacy<\/span><\/a><\/div>\n<\/div>\n<\/div>\n<\/blockquote>\n<\/div>\n<div class=\"CallToAction-icon\" data-scribe=\"element:conversation_icon\">\n<div class=\"Icon Icon--replyCTA \" title=\"View conversation on Twitter\" role=\"img\" aria-label=\"View conversation on Twitter\"><\/div>\n<\/div>\n<div class=\"CallToAction-text\" data-scribe=\"element:conversation_text\">384 people are talking about this<\/div>\n<div class=\"CallToAction-chevron\" data-scribe=\"element:cta_chevron\">\n<div class=\"Icon Icon--chevronRightCTA \" title=\"View on Twitter\" role=\"img\" aria-label=\"View on Twitter\"><\/div>\n<\/div>\n<\/div>\n<\/div>\n<div class=\"resize-sensor\">\n<div class=\"resize-sensor-expand\">\n<div><\/div>\n<\/div>\n<div class=\"resize-sensor-shrink\">\n<div><\/div>\n<\/div>\n<\/div>\n<\/div>\n<h3>Marinha brit\u00e2nica para escoltar todos os navios brit\u00e2nicos no Estreito de Ormuz<\/h3>\n<p class=\"speakable\">Em\u00a0<strong>25 de julho<\/strong>\u00a0, o\u00a0\u00a0<a href=\"https:\/\/www.aljazeera.com\/topics\/country\/united-kingdom.html\">Reino Unido anunciou que\u00a0<\/a>\u00a0os navios de guerra do pa\u00eds escoltariam todos os navios de bandeira brit\u00e2nica atrav\u00e9s do\u00a0\u00a0<a href=\"https:\/\/www.aljazeera.com\/news\/2018\/07\/stake-trading-strait-hormuz-disrupted-180705055824211.html\">Estreito de Ormuz<\/a>\u00a0, uma mudan\u00e7a na pol\u00edtica que ocorreu em meio \u00e0s crescentes tens\u00f5es no Golfo.<\/p>\n<p class=\"speakable\">A HMS Montrose, uma fragata brit\u00e2nica, foi incumbida de navegar ao lado dos navios para prote\u00e7\u00e3o.<\/p>\n<p>&#8220;A liberdade de navega\u00e7\u00e3o \u00e9 crucial para o sistema comercial global e a economia mundial, e faremos todo o poss\u00edvel para defend\u00ea-la&#8221;, disse um porta-voz do governo brit\u00e2nico.<\/p>\n<h3>San\u00e7\u00f5es americanas Zarif<\/h3>\n<p>Em\u00a0<strong>1\u00ba de agosto<\/strong>\u00a0, os EUA impuseram san\u00e7\u00f5es a Zarif\u00a0\u00a0por agir em nome de\u00a0\u00a0<a href=\"https:\/\/www.aljazeera.com\/programmes\/specialseries\/2017\/11\/knew-khomeini-171113131825740.html\">Khamenei.<\/a><\/p>\n<p>&#8220;Javad Zarif implementa a agenda imprudente do l\u00edder supremo do Ir\u00e3 e \u00e9 o principal porta-voz do regime em todo o mundo&#8221;, disse o secret\u00e1rio do Tesouro Steven Mnuchin em comunicado na \u00e9poca.<\/p>\n<p>Zarif ignorou a a\u00e7\u00e3o no Twitter, dizendo que indica que Washington o via como uma &#8220;amea\u00e7a&#8221;.<\/p>\n<p>&#8220;Isso n\u00e3o tem efeito sobre mim ou minha fam\u00edlia, pois n\u00e3o tenho propriedades ou interesses fora do Ir\u00e3&#8221;, afirmou.<\/p>\n<div class=\"SandboxRoot env-bp-350\" data-twitter-event-id=\"6\">\n<div id=\"twitter-widget-6\" class=\"EmbeddedTweet EmbeddedTweet--cta js-clickToOpenTarget\" lang=\"en\" data-click-to-open-target=\"https:\/\/twitter.com\/JZarif\/status\/1156664257020334081\" data-iframe-title=\"Twitter Tweet\" data-scribe=\"page:tweet\" data-twitter-event-id=\"19\">\n<div class=\"EmbeddedTweet-tweetContainer\">\n<div class=\"EmbeddedTweet-tweet\">\n<blockquote class=\"Tweet h-entry js-tweetIdInfo subject expanded\" cite=\"https:\/\/twitter.com\/JZarif\/status\/1156664257020334081\" data-tweet-id=\"1156664257020334081\" data-scribe=\"section:subject\">\n<div class=\"Tweet-header\">\n<p><a class=\"TweetAuthor-avatar Identity-avatar u-linkBlend\" href=\"https:\/\/twitter.com\/JZarif\" data-scribe=\"element:user_link\" aria-label=\"Javad Zarif (screen name: JZarif)\"><img decoding=\"async\" class=\"Avatar\" src=\"https:\/\/i0.wp.com\/pbs.twimg.com\/profile_images\/919044790129479680\/ynB-VNL-_normal.jpg?w=525&#038;ssl=1\" alt=\"\" data-scribe=\"element:avatar\" data-src-2x=\"https:\/\/pbs.twimg.com\/profile_images\/919044790129479680\/ynB-VNL-_bigger.jpg\" data-src-1x=\"https:\/\/i0.wp.com\/pbs.twimg.com\/profile_images\/919044790129479680\/ynB-VNL-_normal.jpg?w=525&#038;ssl=1\" data-recalc-dims=\"1\" \/><\/a><\/p>\n<div class=\"TweetAuthor js-inViewportScribingTarget\" data-scribe=\"component:author\">\n<div class=\"TweetAuthor-nameScreenNameContainer\">\n<p><span class=\"TweetAuthor-decoratedName\"><span class=\"TweetAuthor-name Identity-name customisable-highlight\" title=\"Javad Zarif\" data-scribe=\"element:name\">Javad Zarif<\/span><\/span><\/p>\n<div class=\"Icon Icon--verified \" title=\"Verified Account\" role=\"img\" aria-label=\"Verified Account\"><\/div>\n<p><span class=\"TweetAuthor-decoratedName\"><span class=\"TweetAuthor-verifiedBadge\" data-scribe=\"element:verified_badge\"><b class=\"u-hiddenVisually\">\u2714<\/b><\/span><\/span><span class=\"TweetAuthor-screenName Identity-screenName\" dir=\"ltr\" title=\"@JZarif\" data-scribe=\"element:screen_name\">@JZarif<\/span><\/p>\n<\/div>\n<\/div>\n<div class=\"Tweet-brand\">\n<div class=\"Icon Icon--twitter \" title=\"View on Twitter\" role=\"presentation\" aria-label=\"View on Twitter\"><\/div>\n<\/div>\n<\/div>\n<div class=\"Tweet-body e-entry-content\" data-scribe=\"component:tweet\">\n<div class=\"Tweet-target js-inViewportScribingTarget\"><\/div>\n<p class=\"Tweet-text e-entry-title\" dir=\"ltr\" lang=\"en\">The US&#8217; reason for designating me is that I am Iran&#8217;s &#8220;primary spokesperson around the world&#8221;<br \/>\nIs the truth really that painful?<br \/>\nIt has no effect on me or my family, as I have no property or interests outside of Iran.<br \/>\nThank you for considering me such a huge threat to your agenda.<\/p>\n<div class=\"TweetInfo\">\n<div class=\"TweetInfo-like\">\n<div data-scribe=\"element:heart\">\n<div class=\"Icon Icon--heart \" title=\"Like\" role=\"img\" aria-label=\"Like\"><\/div>\n<\/div>\n<p><a class=\"TweetInfo-heart\" title=\"Like\" href=\"https:\/\/twitter.com\/intent\/like?tweet_id=1156664257020334081\" data-scribe=\"component:actions\"><span class=\"TweetInfo-heartStat\" data-scribe=\"element:heart_count\">10K<\/span><\/a><\/p>\n<\/div>\n<div class=\"TweetInfo-timeGeo\"><a class=\"u-linkBlend u-url customisable-highlight long-permalink\" href=\"https:\/\/twitter.com\/JZarif\/status\/1156664257020334081\" data-datetime=\"2019-07-31T20:33:43+0000\" data-scribe=\"element:full_timestamp\"><time class=\"dt-updated\" title=\"Time posted: July 31, 2019 20:33:43 (UTC)\" datetime=\"2019-07-31T20:33:43+0000\">5:33 PM &#8211; Jul 31, 2019<\/time><\/a><\/div>\n<div class=\"tweet-InformationCircle\" data-scribe=\"element:notice\"><a class=\"Icon Icon--informationCircleWhite js-inViewportScribingTarget\" title=\"Twitter Ads info and privacy\" href=\"https:\/\/support.twitter.com\/articles\/20175256\"><span class=\"u-hiddenVisually\">Twitter Ads info and privacy<\/span><\/a><\/div>\n<\/div>\n<\/div>\n<\/blockquote>\n<\/div>\n<div class=\"CallToAction-icon\" data-scribe=\"element:conversation_icon\">\n<div class=\"Icon Icon--replyCTA \" title=\"View conversation on Twitter\" role=\"img\" aria-label=\"View conversation on Twitter\"><\/div>\n<\/div>\n<div class=\"CallToAction-text\" data-scribe=\"element:conversation_text\">4,887 people are talking about this<\/div>\n<div class=\"CallToAction-chevron\" data-scribe=\"element:cta_chevron\">\n<div class=\"Icon Icon--chevronRightCTA \" title=\"View on Twitter\" role=\"img\" aria-label=\"View on Twitter\"><\/div>\n<\/div>\n<\/div>\n<\/div>\n<div class=\"resize-sensor\">\n<div class=\"resize-sensor-expand\">\n<div><\/div>\n<\/div>\n<div class=\"resize-sensor-shrink\">\n<div><\/div>\n<\/div>\n<\/div>\n<\/div>\n<h3>Navio-tanque iraniano apreendido livre para navegar<\/h3>\n<p>Em\u00a0<strong>15 de agosto<\/strong>\u00a0, a Suprema Corte de Gibraltar decidiu que o Grace 1 estava livre para navegar, poucas horas depois que os EUA fizeram uma tentativa de \u00faltima hora de manter o navio sob deten\u00e7\u00e3o.<\/p>\n<div data-embed-type=\"Brightcove\" data-embed-id=\"6073182314001\">\n<table class=\"in-article-item video Fullwidth\" border=\"0\">\n<tbody>\n<tr>\n<td>\n<div class=\"mceVideoBox\">\n<div id=\"bcvid_6073182314001\">\n<div>\n<div><iframe src=\"https:\/\/players.brightcove.net\/665003303001\/4k5gFJHRe_default\/index.html?videoId=6073182314001&amp;usrPersonaAds=0\" allowfullscreen=\"allowfullscreen\" data-mce-fragment=\"1\"><\/iframe><\/div>\n<\/div>\n<\/div>\n<\/div>\n<\/td>\n<\/tr>\n<tr>\n<td>\n<div class=\"meta\">EUA querem apreender navio-tanque iraniano capturado pelo Reino Unido (3:30)<\/div>\n<\/td>\n<\/tr>\n<\/tbody>\n<\/table>\n<\/div>\n<h3>Ir\u00e3 lan\u00e7a novo sistema de defesa antim\u00edsseis<\/h3>\n<p>Em\u00a0<strong>23 de agosto<\/strong>\u00a0, Rouhani\u00a0<a class=\"InternalLink\" href=\"https:\/\/www.aljazeera.com\/news\/2019\/08\/iran-unveils-missile-defence-system-calls-talks-useless-190822140629635.html\">introduziu um<\/a>\u00a0sistema de defesa a\u00e9rea\u00a0<a class=\"InternalLink\" href=\"https:\/\/www.aljazeera.com\/news\/2019\/08\/iran-unveils-missile-defence-system-calls-talks-useless-190822140629635.html\">constru\u00eddo localmente<\/a>\u00a0na rede de defesa antim\u00edsseis do pa\u00eds em uma cerim\u00f4nia de inaugura\u00e7\u00e3o em Teer\u00e3.<\/p>\n<p>O Ir\u00e3 iniciou a produ\u00e7\u00e3o depois que a compra do sistema S-300 da R\u00fassia foi suspensa em 2010 devido a san\u00e7\u00f5es internacionais que o impediram de importar muitas armas.<\/p>\n<p>Falando na cerim\u00f4nia, Rouhani disse que o sistema m\u00f3vel de superf\u00edcie para ar era &#8220;melhor que o S-300 e pr\u00f3ximo ao [mais avan\u00e7ado] S-400&#8221;.<\/p>\n<div data-embed-type=\"Brightcove\" data-embed-id=\"6075756198001\">\n<table class=\"in-article-item video Fullwidth\" border=\"0\">\n<tbody>\n<tr>\n<td>\n<div class=\"mceVideoBox\">\n<div id=\"bcvid_6075756198001\">\n<div>\n<div><iframe src=\"https:\/\/players.brightcove.net\/665003303001\/4k5gFJHRe_default\/index.html?videoId=6075756198001&amp;usrPersonaAds=0\" allowfullscreen=\"allowfullscreen\" data-mce-fragment=\"1\"><\/iframe><\/div>\n<\/div>\n<\/div>\n<\/div>\n<\/td>\n<\/tr>\n<tr>\n<td>\n<div class=\"meta\">Ir\u00e3 lan\u00e7a novo sistema de defesa antim\u00edsseis (2:47)<\/div>\n<\/td>\n<\/tr>\n<\/tbody>\n<\/table>\n<\/div>\n<p>&nbsp;<\/p>\n<h3>Zarif encontra Macron<\/h3>\n<p>Em\u00a0<strong>26 de agosto de\u00a0<\/strong>\u00a0<a href=\"https:\/\/www.aljazeera.com\/topics\/country\/iran.html\">Iran<\/a>\u00a0&#8216;top diplomata s\u00a0<a href=\"https:\/\/www.aljazeera.com\/news\/2019\/08\/iran-zarif-arrives-surprise-g7-talks-plan-meet-190825151050393.html\">\u00a0realizadas<\/a>\u00a0\u00a0conversa\u00e7\u00f5es com\u00a0\u00a0<a href=\"https:\/\/www.aljazeera.com\/topics\/country\/france.html\">a Fran\u00e7a<\/a>\u00a0do presidente Emmanuel Macron na margem de uma cimeira do G7 ap\u00f3s uma surpresa convidar para a reuni\u00e3o em Biarritz&#8217;.<\/p>\n<p>&#8220;A diplomacia ativa do Ir\u00e3 em busca de um engajamento construtivo continua&#8221;, disse Zarif.\u00a0&#8220;O caminho a seguir \u00e9 dif\u00edcil. Mas vale a pena tentar.&#8221;<\/p>\n<p>No mesmo dia, o\u00a0\u00a0<a href=\"https:\/\/www.aljazeera.com\/topics\/country\/iran.html\">Ir\u00e3<\/a>\u00a0\u00a0disse que vendeu\u00a0<a class=\"InternalLink\" href=\"https:\/\/www.aljazeera.com\/news\/2019\/08\/iran-sells-oil-tanker-released-gibraltar-190826095706997.html\">2,1 milh\u00f5es de barris de petr\u00f3leo<\/a>\u00a0a bordo do navio-tanque apreendido em Gibraltar no m\u00eas anterior, acrescentando que o novo propriet\u00e1rio da embarca\u00e7\u00e3o decidir\u00e1 seu pr\u00f3ximo destino.<\/p>\n<h3>O Ir\u00e3 excede ainda mais os limites do acordo nuclear<\/h3>\n<p class=\"xmsonormal\">Em\u00a0<strong>30 de agosto<\/strong>\u00a0, a ONU disse que o\u00a0\u00a0<a href=\"https:\/\/www.aljazeera.com\/topics\/country\/iran.html\">Ir\u00e3<\/a>\u00a0\u00a0ainda estava excedendo as limita\u00e7\u00f5es estabelecidas por seu acordo nuclear com as pot\u00eancias mundiais, aumentando seu estoque de ur\u00e2nio enriquecido e refinando-o para uma pureza maior do que o permitido no acordo.<\/p>\n<p class=\"speakable\">O relat\u00f3rio trimestral da Ag\u00eancia Internacional de Energia At\u00f4mica da ONU confirmou que o Ir\u00e3 estava progressivamente se retirando do pacto em retalia\u00e7\u00e3o \u00e0 retirada dos EUA do acordo e \u00e0 subsequente renova\u00e7\u00e3o de san\u00e7\u00f5es que atingiram as vendas iranianas de petr\u00f3leo.<\/p>\n<h3>San\u00e7\u00f5es contra as ag\u00eancias espaciais do Ir\u00e3<\/h3>\n<p>Em\u00a0<strong>3 de setembro<\/strong>\u00a0, os EUA\u00a0<a class=\"InternalLink\" href=\"https:\/\/www.aljazeera.com\/ajimpact\/slapped-sanctions-iran-space-agencies-190903201336931.html\">impuseram san\u00e7\u00f5es<\/a>\u00a0\u00e0\u00a0\u00a0ag\u00eancia espacial civil do\u00a0<a href=\"https:\/\/www.aljazeera.com\/topics\/country\/iran.html\">Ir\u00e3<\/a>\u00a0e a duas organiza\u00e7\u00f5es de pesquisa, dizendo que estavam sendo usadas para avan\u00e7ar no programa de m\u00edsseis bal\u00edsticos de Teer\u00e3.<\/p>\n<p>As medidas impostas pelo Departamento do Tesouro dos EUA visam a Ag\u00eancia Espacial do Ir\u00e3, o Centro de Pesquisa Espacial do Ir\u00e3 e o Instituto de Pesquisa Astron\u00e1utica.<\/p>\n<p>&#8220;Os Estados Unidos n\u00e3o permitir\u00e3o que o Ir\u00e3 use seu programa de lan\u00e7amento espacial como cobertura para avan\u00e7ar em seus programas de m\u00edsseis bal\u00edsticos&#8221;, disse o secret\u00e1rio de Estado dos EUA, Pompeo.<\/p>\n<h3>EUA intensificam press\u00e3o<\/h3>\n<p>Em\u00a0<strong>4 de setembro<\/strong>\u00a0, os EUA aumentaram a press\u00e3o econ\u00f4mica sobre o\u00a0\u00a0<a href=\"https:\/\/www.aljazeera.com\/topics\/country\/iran.html\">Ir\u00e3<\/a>\u00a0, na lista negra de uma rede de transporte de petr\u00f3leo que Washington alega ser dirigida pelo IRGC.<\/p>\n<p>O Tesouro dos EUA acusou o\u00a0grupo de empresas, navios e indiv\u00edduos\u00a0da\u00a0lista negra\u00a0\u00a0de violar san\u00e7\u00f5es ao fornecer \u00e0 S\u00edria petr\u00f3leo no valor de centenas de milh\u00f5es de d\u00f3lares.<\/p>\n<p>Enquanto isso, o governo Trump disse que n\u00e3o aceitaria uma proposta da\u00a0\u00a0<a href=\"https:\/\/www.aljazeera.com\/topics\/country\/france.html\">Fran\u00e7a\u00a0<\/a>\u00a0de lan\u00e7ar uma t\u00e1bua de salva\u00e7\u00e3o financeira a Teer\u00e3.<\/p>\n<h3>EUA oferecem dinheiro ao capit\u00e3o de navio-tanque iraniano<\/h3>\n<p class=\"speakable\">Os EUA ofereceram v\u00e1rios milh\u00f5es de d\u00f3lares ao capit\u00e3o indiano de um petroleiro iraniano suspeito de ir para a S\u00edria, confirma o Departamento de Estado.<\/p>\n<p class=\"speakable\">O Financial Times\u00a0<a href=\"https:\/\/www.ft.com\/join\/licence\/35fa1347-0a95-48a9-8f56-334656f2942f\/details?ft-content-uuid=20188064-cefb-11e9-99a4-b5ded7a7fe3f&amp;token=35fa1347-0a95-48a9-8f56-334656f2942f\">reportou\u00a0<\/a>\u00a0<strong>em 5 de setembro\u00a0<\/strong>\u00a0que Brian Hook, o homem do Departamento de Estado no\u00a0\u00a0<a href=\"https:\/\/www.aljazeera.com\/topics\/country\/iran.html\">Ir\u00e3<\/a>\u00a0, havia enviado e-mails ao capit\u00e3o Akhilesh Kumar, no qual ele ofereceu &#8220;boas not\u00edcias&#8221; de milh\u00f5es em dinheiro dos EUA para o capit\u00e3o viver confortavelmente se dirigisse o Adrian Darya 1, anteriormente conhecida como Gra\u00e7a 1, para um pa\u00eds onde poderia ser apreendida.<\/p>\n<h3 class=\"post-title\">Ir\u00e3 ativa centr\u00edfugas avan\u00e7adas<\/h3>\n<p class=\"speakable\">Em\u00a0<strong>7 de setembro<\/strong>\u00a0, o\u00a0\u00a0<a href=\"https:\/\/www.aljazeera.com\/topics\/country\/iran.html\">Ir\u00e3<\/a>\u00a0\u00a0come\u00e7ou a\u00a0\u00a0<a class=\"InternalLink\" href=\"https:\/\/www.aljazeera.com\/news\/2019\/09\/iran-activates-advanced-centrifuges-latest-nuclear-move-190907054456905.html\">injetar g\u00e1s<\/a>\u00a0em centr\u00edfugas avan\u00e7adas para aumentar seu estoque de ur\u00e2nio enriquecido e alertou que estava se esgotando o tempo dos outros signat\u00e1rios do acordo nuclear para salvar o pacto hist\u00f3rico.<\/p>\n<p class=\"speakable\">O porta-voz Behrouz Kamalvandi disse que a\u00a0Organiza\u00e7\u00e3o de Energia At\u00f4mica\u00a0do Ir\u00e3\u00a0\u00a0\u00a0iniciou as\u00a0centr\u00edfugas\u00a0avan\u00e7adas\u00a0\u00a0nas instala\u00e7\u00f5es de enriquecimento em\u00a0\u00a0Natanz,\u00a0\u00a0o\u00a0\u00a0terceiro passo de Teer\u00e3 para reduzir seus compromissos sob o pacto em ru\u00ednas ap\u00f3s a retirada de Washington.<\/p>\n<h3 class=\"speakable\">Bolton demitido &#8216;sobre o Ir\u00e3&#8217;<\/h3>\n<p class=\"speakable\">Trump, em\u00a0<strong>10 de setembro,\u00a0<\/strong>anunciou via Twitter\u00a0\u00a0que havia\u00a0\u00a0<a href=\"https:\/\/www.aljazeera.com\/news\/2019\/09\/trump-sacks-national-security-adviser-john-bolton-190910160524266.html\">demitido Bolton\u00a0<\/a>, seu assessor de seguran\u00e7a nacional, dizendo que &#8220;discordou fortemente&#8221; de muitas de suas posi\u00e7\u00f5es hawkish.<\/p>\n<p class=\"speakable\">A demiss\u00e3o de Bolton estava\u00a0\u00a0<a href=\"https:\/\/www.bloomberg.com\/news\/articles\/2019-09-11\/trump-rouhani-meeting-odds-improve-after-john-bolton-s-exit\">supostamente<\/a>\u00a0ligada a um desacordo fundamental sobre o poss\u00edvel al\u00edvio das san\u00e7\u00f5es dos EUA ao Ir\u00e3.<\/p>\n<p class=\"speakable\">Visando Bolton, o Ir\u00e3\u00a0\u00a0<a href=\"https:\/\/www.aljazeera.com\/news\/2019\/09\/avoid-warmongers-iran-john-bolton-sacking-190911153135636.html\">disse que<\/a>\u00a0\u00a0os EUA deveriam se distanciar de &#8220;vendedores ambulantes&#8221;.<\/p>\n<h3>Ir\u00e3 rejeita acusa\u00e7\u00e3o de ataque \u00e0 Aramco<\/h3>\n<p>Em\u00a0<strong>14 de setembro<\/strong>\u00a0,\u00a0\u00a0<a href=\"https:\/\/www.aljazeera.com\/news\/2019\/09\/timeline-houthis-drone-missile-attacks-saudi-targets-190914102845479.html\">os rebeldes houthis\u00a0<\/a>do I\u00eamen\u00a0\u00a0\u00a0assumiram a responsabilidade por ataques de drones a\u00a0\u00a0duas grandes instala\u00e7\u00f5es de petr\u00f3leo da Saudi Aramco:\u00a0\u00a0\u00a0Abqaiq &#8211; a maior planta de processamento de petr\u00f3leo do mundo &#8211; e o campo de petr\u00f3leo de Khurais, no leste da Ar\u00e1bia Saudita.\u00a0Os ataques anteriores ao amanhecer\u00a0\u00a0atingiram\u00a0\u00a0mais da metade\u00a0\u00a0da produ\u00e7\u00e3o de petr\u00f3leo do maior exportador mundial.<\/p>\n<p class=\"xmsonormal\">Pompeo rapidamente culpou o Ir\u00e3, dizendo que &#8220;agora lan\u00e7ou um ataque sem precedentes ao suprimento de energia do mundo&#8221;.<\/p>\n<p class=\"xmsonormal\">&#8220;N\u00e3o h\u00e1 nenhuma evid\u00eancia os ataques vieram do I\u00eamen&#8221;, Pompeo\u00a0\u00a0<a href=\"https:\/\/twitter.com\/SecPompeo\/status\/1172963090746548225\" target=\"_blank\" rel=\"noopener\">disse<\/a>\u00a0\u00a0no Twitter, referindo-se a alega\u00e7\u00e3o da responsabilidade do houthis.\u00a0Ele n\u00e3o fornece nenhuma evid\u00eancia para apoiar sua reivindica\u00e7\u00e3o.<\/p>\n<p>O Ir\u00e3\u00a0\u00a0<a href=\"https:\/\/www.aljazeera.com\/news\/2019\/09\/iran-rejects-accusation-drone-attacks-aramco-plants-190915083207652.html\" target=\"_blank\" rel=\"noopener\">rejeitou\u00a0<\/a>\u00a0as alega\u00e7\u00f5es &#8220;sem sentido&#8221; dos EUA, dizendo que elas pretendiam justificar a\u00e7\u00f5es contra o pa\u00eds.<\/p>\n<h3>Trump ataca o Ir\u00e3 na UNGA<\/h3>\n<p>Discursando na Assembl\u00e9ia Geral da ONU em Nova York, Trump\u00a0\u00a0atacou o Ir\u00e3 em\u00a0<strong>\u00a024 de setembro<\/strong>\u00a0e pediu aos pa\u00edses do mundo todo que apertem o n\u00f3 econ\u00f4mico ao seu redor.<\/p>\n<p>&#8220;Uma das maiores amea\u00e7as \u00e0 seguran\u00e7a que os pa\u00edses amantes da paz enfrentam hoje \u00e9 o regime repressivo no Ir\u00e3&#8221;, afirmou.<\/p>\n<p>&#8220;O registro de morte e destrui\u00e7\u00e3o do regime \u00e9 bem conhecido por todos n\u00f3s. O Ir\u00e3 n\u00e3o \u00e9 apenas o principal patrocinador do terrorismo do mundo, mas os l\u00edderes do Ir\u00e3 est\u00e3o alimentando as tr\u00e1gicas guerras na S\u00edria e no I\u00eamen, e ao mesmo tempo o regime \u00e9 desperdi\u00e7ando a riqueza e o futuro da na\u00e7\u00e3o em uma busca fan\u00e1tica por armas nucleares &#8220;.<\/p>\n<h3>San\u00e7\u00f5es dos EUA ao c\u00edrculo interno de Khamenei<\/h3>\n<p>Em\u00a0<strong>4 de novembro, os<\/strong>\u00a0EUA\u00a0\u00a0impuseram novas san\u00e7\u00f5es ao c\u00edrculo interno do l\u00edder supremo aiatol\u00e1 Ali Khamenei, incluindo um de seus filhos.<\/p>\n<p>O Tesouro dos EUA disse\u00a0\u00a0que as nove pessoas sancionadas incluem o chefe de gabinete de Khamenei, o chefe do judici\u00e1rio e figuras militares de alto escal\u00e3o.\u00a0A\u00a0\u00a0ag\u00eancia tamb\u00e9m colocou na lista negra o\u00a0Estado Maior das For\u00e7as Armadas do\u00a0Ir\u00e3\u00a0.<\/p>\n<div class=\"article-embeded-block-image article-embedded-card fullwidth\">\n<div class=\"article-embeded-mediaCaption\" data-image-url=\"\/mritems\/Images\/2020\/1\/3\/a506493a3f14451d9411f74975bf5d17_19.jpg\">\n<div class=\"article-embeded-image\"><img decoding=\"async\" class=\"img-responsive article-embeded-media-img\" title=\" O l\u00edder supremo do Ir\u00e3, aiatol\u00e1 Ali Khamenei, falando durante as ora\u00e7\u00f5es de sexta-feira em Teer\u00e3 [Arquivo: Morteza Nikoubazl \/ Reuters]\" src=\"https:\/\/i1.wp.com\/www.aljazeera.com\/mritems\/Images\/2020\/1\/3\/a506493a3f14451d9411f74975bf5d17_19.jpg?w=525&#038;ssl=1\" alt=\"Ali Khamenei\" border=\"0\" data-recalc-dims=\"1\" \/><\/div>\n<div class=\"article-embeded-caption\">O l\u00edder supremo do Ir\u00e3, aiatol\u00e1 Ali Khamenei, falando durante as ora\u00e7\u00f5es de sexta-feira em Teer\u00e3 [Arquivo: Morteza Nikoubazl \/ Reuters]<\/div>\n<\/div>\n<\/div>\n<p>O porta-voz do Minist\u00e9rio das Rela\u00e7\u00f5es Exteriores do Ir\u00e3, Abbas Mousavi, descreveu as san\u00e7\u00f5es &#8220;como um sinal do desespero e da incapacidade deste regime em se beneficiar de uma abordagem diplom\u00e1tica e l\u00f3gica&#8221; para quest\u00f5es internacionais importantes, segundo a ag\u00eancia de not\u00edcias oficial IRNA.<\/p>\n<h3>Ir\u00e3 come\u00e7a a abastecer centr\u00edfugas<\/h3>\n<p>O Ir\u00e3, em\u00a0<strong>6 de novembro<\/strong>\u00a0, iniciou o processo de inje\u00e7\u00e3o de g\u00e1s ur\u00e2nio em centr\u00edfugas nas instala\u00e7\u00f5es subterr\u00e2neas de Fordow.<\/p>\n<p>Behrouz Kamalvandi, porta-voz da Organiza\u00e7\u00e3o de Energia At\u00f4mica do Ir\u00e3, disse \u00e0 televis\u00e3o estatal que a ag\u00eancia entregou\u00a0\u00a02.000 kg (4.400 libras)\u00a0de ur\u00e2nio ou UF6 na f\u00e1brica de Fordow, sob a supervis\u00e3o de inspetores da ONU.<\/p>\n<h3>Opera\u00e7\u00e3o para proteger as \u00e1guas do Golfo<\/h3>\n<p>Uma coaliz\u00e3o naval liderada pelos EUA lan\u00e7ou oficialmente opera\u00e7\u00f5es no\u00a0\u00a0<a href=\"https:\/\/www.aljazeera.com\/topics\/country\/bahrain.html\">Bahrein<\/a>\u00a0\u00a0em\u00a0\u00a0<strong>7 de novembro<\/strong>\u00a0\u00a0para proteger o transporte nas \u00e1guas turbulentas do Golfo, ap\u00f3s uma s\u00e9rie de ataques que Washington e seus aliados atribu\u00edram ao Ir\u00e3.<\/p>\n<p>O Ir\u00e3, que negou qualquer responsabilidade pelos ataques misteriosos, apresentou suas pr\u00f3prias propostas para aumentar a seguran\u00e7a do Golfo que claramente exclu\u00edam pot\u00eancias externas.<\/p>\n<h3>&#8216;Fuga nuclear&#8217;<\/h3>\n<p>O secret\u00e1rio de Estado dos EUA, Mike Pompeo, acusou o Ir\u00e3 em\u00a0<strong>7<\/strong>\u00a0de\u00a0<strong>novembro\u00a0<\/strong>\u00a0de preparar &#8220;um r\u00e1pido rompimento nuclear&#8221;.<\/p>\n<div class=\"SandboxRoot env-bp-350\" data-twitter-event-id=\"7\">\n<div id=\"twitter-widget-7\" class=\"EmbeddedTweet EmbeddedTweet--cta js-clickToOpenTarget\" lang=\"en\" data-click-to-open-target=\"https:\/\/twitter.com\/SecPompeo\/status\/1192416399102238723\" data-iframe-title=\"Twitter Tweet\" data-scribe=\"page:tweet\" data-twitter-event-id=\"17\">\n<div class=\"EmbeddedTweet-tweetContainer\">\n<div class=\"EmbeddedTweet-tweet\">\n<blockquote class=\"Tweet h-entry js-tweetIdInfo subject expanded\" cite=\"https:\/\/twitter.com\/SecPompeo\/status\/1192416399102238723\" data-tweet-id=\"1192416399102238723\" data-scribe=\"section:subject\">\n<div class=\"Tweet-header\">\n<p><a class=\"TweetAuthor-avatar Identity-avatar u-linkBlend\" href=\"https:\/\/twitter.com\/SecPompeo\" data-scribe=\"element:user_link\" aria-label=\"Secretary Pompeo (screen name: SecPompeo)\"><img decoding=\"async\" class=\"Avatar\" src=\"https:\/\/i2.wp.com\/pbs.twimg.com\/profile_images\/1014454396522934273\/w_96hmja_normal.jpg?w=525&#038;ssl=1\" alt=\"\" data-scribe=\"element:avatar\" data-src-2x=\"https:\/\/pbs.twimg.com\/profile_images\/1014454396522934273\/w_96hmja_bigger.jpg\" data-src-1x=\"https:\/\/i2.wp.com\/pbs.twimg.com\/profile_images\/1014454396522934273\/w_96hmja_normal.jpg?w=525&#038;ssl=1\" data-recalc-dims=\"1\" \/><\/a><\/p>\n<div class=\"TweetAuthor js-inViewportScribingTarget\" data-scribe=\"component:author\">\n<div class=\"TweetAuthor-nameScreenNameContainer\">\n<p><span class=\"TweetAuthor-decoratedName\"><span class=\"TweetAuthor-name Identity-name customisable-highlight\" title=\"Secretary Pompeo\" data-scribe=\"element:name\">Secretary Pompeo<\/span><\/span><\/p>\n<div class=\"Icon Icon--verified \" title=\"Verified Account\" role=\"img\" aria-label=\"Verified Account\"><\/div>\n<p><span class=\"TweetAuthor-decoratedName\"><span class=\"TweetAuthor-verifiedBadge\" data-scribe=\"element:verified_badge\"><b class=\"u-hiddenVisually\">\u2714<\/b><\/span><\/span><span class=\"TweetAuthor-screenName Identity-screenName\" dir=\"ltr\" title=\"@SecPompeo\" data-scribe=\"element:screen_name\">@SecPompeo<\/span><\/p>\n<\/div>\n<\/div>\n<div class=\"Tweet-brand\">\n<div class=\"Icon Icon--twitter \" title=\"View on Twitter\" role=\"presentation\" aria-label=\"View on Twitter\"><\/div>\n<\/div>\n<\/div>\n<div class=\"Tweet-body e-entry-content\" data-scribe=\"component:tweet\">\n<div class=\"Tweet-target js-inViewportScribingTarget\"><\/div>\n<p class=\"Tweet-text e-entry-title\" dir=\"ltr\" lang=\"en\">Iran\u2019s plans to increase its nuclear activity at Fordow raise concerns that Iran is positioning itself for a rapid nuclear breakout. It is now time for all nations to reject its nuclear extortion and increase pressure.<\/p>\n<div class=\"TweetInfo\">\n<div class=\"TweetInfo-like\">\n<div data-scribe=\"element:heart\">\n<div class=\"Icon Icon--heart \" title=\"Like\" role=\"img\" aria-label=\"Like\"><\/div>\n<\/div>\n<p><a class=\"TweetInfo-heart\" title=\"Like\" href=\"https:\/\/twitter.com\/intent\/like?tweet_id=1192416399102238723\" data-scribe=\"component:actions\"><span class=\"TweetInfo-heartStat\" data-scribe=\"element:heart_count\">9,311<\/span><\/a><\/p>\n<\/div>\n<div class=\"TweetInfo-timeGeo\"><a class=\"u-linkBlend u-url customisable-highlight long-permalink\" href=\"https:\/\/twitter.com\/SecPompeo\/status\/1192416399102238723\" data-datetime=\"2019-11-07T12:19:58+0000\" data-scribe=\"element:full_timestamp\"><time class=\"dt-updated\" title=\"Time posted: November 07, 2019 12:19:58 (UTC)\" datetime=\"2019-11-07T12:19:58+0000\">9:19 AM &#8211; Nov 7, 2019<\/time><\/a><\/div>\n<div class=\"tweet-InformationCircle\" data-scribe=\"element:notice\"><a class=\"Icon Icon--informationCircleWhite js-inViewportScribingTarget\" title=\"Twitter Ads info and privacy\" href=\"https:\/\/support.twitter.com\/articles\/20175256\"><span class=\"u-hiddenVisually\">Twitter Ads info and privacy<\/span><\/a><\/div>\n<\/div>\n<\/div>\n<\/blockquote>\n<\/div>\n<div class=\"CallToAction-icon\" data-scribe=\"element:conversation_icon\">\n<div class=\"Icon Icon--replyCTA \" title=\"View conversation on Twitter\" role=\"img\" aria-label=\"View conversation on Twitter\"><\/div>\n<\/div>\n<div class=\"CallToAction-text\" data-scribe=\"element:conversation_text\">4,300 people are talking about this<\/div>\n<div class=\"CallToAction-chevron\" data-scribe=\"element:cta_chevron\">\n<div class=\"Icon Icon--chevronRightCTA \" title=\"View on Twitter\" role=\"img\" aria-label=\"View on Twitter\"><\/div>\n<\/div>\n<\/div>\n<\/div>\n<div class=\"resize-sensor\">\n<div class=\"resize-sensor-expand\">\n<div><\/div>\n<\/div>\n<div class=\"resize-sensor-shrink\">\n<div><\/div>\n<\/div>\n<\/div>\n<\/div>\n<h3>Ir\u00e3 derruba drone &#8216;estrangeiro&#8217;<\/h3>\n<p>A ag\u00eancia de not\u00edcias estatal iraniana IRNA diz que as for\u00e7as de defesa a\u00e9rea abateram um drone &#8220;desconhecido&#8221; em\u00a0<strong>8 de novembro.\u00a0<\/strong><\/p>\n<p>O Comando Central dos Estados Unidos divulgou um comunicado mais tarde na sexta-feira dizendo que o drone abatido n\u00e3o era deles, e que todos os drones militares foram contabilizados.<\/p>\n<div class=\"SandboxRoot env-bp-350\" data-twitter-event-id=\"8\">\n<div id=\"twitter-widget-8\" class=\"EmbeddedTweet EmbeddedTweet--cta js-clickToOpenTarget\" lang=\"en\" data-click-to-open-target=\"https:\/\/twitter.com\/CENTCOM\/status\/1192793173145378816\" data-iframe-title=\"Twitter Tweet\" data-scribe=\"page:tweet\" data-twitter-event-id=\"18\">\n<div class=\"EmbeddedTweet-tweetContainer\">\n<div class=\"EmbeddedTweet-tweet\">\n<blockquote class=\"Tweet h-entry js-tweetIdInfo subject expanded\" cite=\"https:\/\/twitter.com\/CENTCOM\/status\/1192793173145378816\" data-tweet-id=\"1192793173145378816\" data-scribe=\"section:subject\">\n<div class=\"Tweet-header\">\n<p><a class=\"TweetAuthor-avatar Identity-avatar u-linkBlend\" href=\"https:\/\/twitter.com\/CENTCOM\" data-scribe=\"element:user_link\" aria-label=\"U.S. Central Command (screen name: CENTCOM)\"><img decoding=\"async\" class=\"Avatar\" src=\"https:\/\/i0.wp.com\/pbs.twimg.com\/profile_images\/658718020911566849\/yX-EFgQD_normal.png?w=525&#038;ssl=1\" alt=\"\" data-scribe=\"element:avatar\" data-src-2x=\"https:\/\/pbs.twimg.com\/profile_images\/658718020911566849\/yX-EFgQD_bigger.png\" data-src-1x=\"https:\/\/i0.wp.com\/pbs.twimg.com\/profile_images\/658718020911566849\/yX-EFgQD_normal.png?w=525&#038;ssl=1\" data-recalc-dims=\"1\" \/><\/a><\/p>\n<div class=\"TweetAuthor js-inViewportScribingTarget\" data-scribe=\"component:author\">\n<div class=\"TweetAuthor-nameScreenNameContainer\">\n<p><span class=\"TweetAuthor-decoratedName\"><span class=\"TweetAuthor-name Identity-name customisable-highlight\" title=\"U.S. Central Command\" data-scribe=\"element:name\">U.S. Central Command<\/span><\/span><\/p>\n<div class=\"Icon Icon--verified \" title=\"Verified Account\" role=\"img\" aria-label=\"Verified Account\"><\/div>\n<p><span class=\"TweetAuthor-decoratedName\"><span class=\"TweetAuthor-verifiedBadge\" data-scribe=\"element:verified_badge\"><b class=\"u-hiddenVisually\">\u2714<\/b><\/span><\/span><span class=\"TweetAuthor-screenName Identity-screenName\" dir=\"ltr\" title=\"@CENTCOM\" data-scribe=\"element:screen_name\">@CENTCOM<\/span><\/p>\n<\/div>\n<\/div>\n<div class=\"Tweet-brand\">\n<div class=\"Icon Icon--twitter \" title=\"View on Twitter\" role=\"presentation\" aria-label=\"View on Twitter\"><\/div>\n<\/div>\n<\/div>\n<div class=\"Tweet-body e-entry-content\" data-scribe=\"component:tweet\">\n<div class=\"Tweet-target js-inViewportScribingTarget\"><\/div>\n<p class=\"Tweet-text e-entry-title\" dir=\"ltr\" lang=\"en\">Alleged reports of a U.S. drone being shot down are incorrect. If a UAS had gone down in the CENTCOM AOR it was not a <a class=\"PrettyLink hashtag customisable\" dir=\"ltr\" href=\"https:\/\/twitter.com\/hashtag\/DoD?src=hash\" rel=\"tag\" data-query-source=\"hashtag_click\" data-scribe=\"element:hashtag\"><span class=\"PrettyLink-prefix\">#<\/span><span class=\"PrettyLink-value\">DoD<\/span><\/a> asset. All U.S. equipment has been accounted for.<\/p>\n<div class=\"TweetInfo\">\n<div class=\"TweetInfo-like\">\n<div data-scribe=\"element:heart\">\n<div class=\"Icon Icon--heart \" title=\"Like\" role=\"img\" aria-label=\"Like\"><\/div>\n<\/div>\n<p><a class=\"TweetInfo-heart\" title=\"Like\" href=\"https:\/\/twitter.com\/intent\/like?tweet_id=1192793173145378816\" data-scribe=\"component:actions\"><span class=\"TweetInfo-heartStat\" data-scribe=\"element:heart_count\">866<\/span><\/a><\/p>\n<\/div>\n<div class=\"TweetInfo-timeGeo\"><a class=\"u-linkBlend u-url customisable-highlight long-permalink\" href=\"https:\/\/twitter.com\/CENTCOM\/status\/1192793173145378816\" data-datetime=\"2019-11-08T13:17:08+0000\" data-scribe=\"element:full_timestamp\"><time class=\"dt-updated\" title=\"Time posted: November 08, 2019 13:17:08 (UTC)\" datetime=\"2019-11-08T13:17:08+0000\">10:17 AM &#8211; Nov 8, 2019<\/time><\/a><\/div>\n<div class=\"tweet-InformationCircle\" data-scribe=\"element:notice\"><a class=\"Icon Icon--informationCircleWhite js-inViewportScribingTarget\" title=\"Twitter Ads info and privacy\" href=\"https:\/\/support.twitter.com\/articles\/20175256\"><span class=\"u-hiddenVisually\">Twitter Ads info and privacy<\/span><\/a><\/div>\n<\/div>\n<\/div>\n<\/blockquote>\n<\/div>\n<div class=\"CallToAction-icon\" data-scribe=\"element:conversation_icon\">\n<div class=\"Icon Icon--replyCTA \" title=\"View conversation on Twitter\" role=\"img\" aria-label=\"View conversation on Twitter\"><\/div>\n<\/div>\n<div class=\"CallToAction-text\" data-scribe=\"element:conversation_text\">511 people are talking about this<\/div>\n<div class=\"CallToAction-chevron\" data-scribe=\"element:cta_chevron\">\n<div class=\"Icon Icon--chevronRightCTA \" title=\"View on Twitter\" role=\"img\" aria-label=\"View on Twitter\"><\/div>\n<\/div>\n<\/div>\n<\/div>\n<div class=\"resize-sensor\">\n<div class=\"resize-sensor-expand\">\n<div><\/div>\n<\/div>\n<div class=\"resize-sensor-shrink\">\n<div><\/div>\n<\/div>\n<\/div>\n<\/div>\n<p>&#8220;Os relatos de que um drone americano est\u00e1 sendo abatido est\u00e3o incorretos. Se um UAS caiu no CENTCOM AOR, n\u00e3o era um ativo do Departamento de Defesa&#8221;, afirmou o Comando Central dos EUA em um post no Twitter.<\/p>\n<h3>Agita\u00e7\u00e3o irrompe<\/h3>\n<p>A agita\u00e7\u00e3o no Ir\u00e3 entrou em erup\u00e7\u00e3o em\u00a0<strong>15 de novembro,<\/strong>\u00a0depois que o governo aumentou abruptamente os pre\u00e7os dos combust\u00edveis em at\u00e9 300%.<\/p>\n<p>Os dist\u00farbios se espalharam por mais de cem cidades e vilas iranianas e se tornaram pol\u00edticos quando manifestantes jovens e da classe trabalhadora exigiram que os l\u00edderes religiosos deixassem o cargo.<\/p>\n<p>O n\u00famero de mortes dos dist\u00farbios variou.\u00a0A oposi\u00e7\u00e3o disse que pelo menos\u00a0\u00a0631 pessoas foram mortas, enquanto a\u00a0\u00a0Anistia Internacional calculou o n\u00famero em mais de 300. Ambos os n\u00fameros foram demitidos pelas autoridades iranianas.<\/p>\n<h3>San\u00e7\u00f5es dos EUA ao ministro da Informa\u00e7\u00e3o do Ir\u00e3<\/h3>\n<p>Em\u00a0<strong>22 de novembro, os<\/strong>\u00a0EUA\u00a0impuseram san\u00e7\u00f5es ao ministro das Comunica\u00e7\u00f5es do Ir\u00e3 Mohammad Javad Azari-Jahromi por seu papel na &#8220;censura generalizada&#8221;.<\/p>\n<p>&#8220;Os l\u00edderes do Ir\u00e3 sabem que uma Internet livre e aberta exp\u00f5e sua ilegitimidade, ent\u00e3o eles procuram censurar o acesso \u00e0 Internet para reprimir os protestos contra o regime&#8221;, disse o secret\u00e1rio do Tesouro dos EUA, Steven Mnuchin, em comunicado.<\/p>\n<div class=\"article-embeded-block-image article-embedded-card fullwidth\">\n<div class=\"article-embeded-mediaCaption\" data-image-url=\"\/mritems\/Images\/2020\/1\/3\/26ccf560a6f646d6a0ac7ae89c9b13ab_19.jpg\">\n<div class=\"article-embeded-image\"><img decoding=\"async\" class=\"img-responsive article-embeded-media-img\" title=\"Secret\u00e1rio do Tesouro Steven Mnuchin, recebendo perguntas da imprensa sobre o gramado norte da Casa Branca em Washington, EUA [Arquivo: Sarah Silbiger \/ Reuters]\" src=\"https:\/\/i1.wp.com\/www.aljazeera.com\/mritems\/Images\/2020\/1\/3\/26ccf560a6f646d6a0ac7ae89c9b13ab_19.jpg?w=525&#038;ssl=1\" alt=\"Steven Mnuchin\" border=\"0\" data-recalc-dims=\"1\" \/><\/div>\n<div class=\"article-embeded-caption\">Secret\u00e1rio do Tesouro dos EUA, Steven Mnuchin, recebendo perguntas da imprensa sobre o gramado norte da Casa Branca em Washington, DC [Arquivo: Sarah Silbiger \/ Reuters]<\/div>\n<\/div>\n<\/div>\n<p>&#8220;Estamos sancionando o Ministro de Tecnologia da Informa\u00e7\u00e3o e Comunica\u00e7\u00f5es do Ir\u00e3 por restringir o acesso \u00e0 Internet, incluindo aplicativos populares de mensagens que ajudam dezenas de milh\u00f5es de iranianos a permanecerem conectados uns aos outros e ao mundo exterior&#8221;, acrescentou.<\/p>\n<h3>Chefe da guarda do Ir\u00e3<\/h3>\n<p>Discursando a milhares de manifestantes na capital, o general Hossein Salami em\u00a0<strong>25 de novembro<\/strong>\u00a0acusou os EUA, o Reino Unido, o Iraque e a Ar\u00e1bia Saudita de alimentar dist\u00farbios no pa\u00eds.<\/p>\n<p>&#8220;Mostramos conten\u00e7\u00e3o &#8230; demonstramos paci\u00eancia com os movimentos hostis da Am\u00e9rica, do regime sionista [Israel] e da Ar\u00e1bia Saudita contra a Rep\u00fablica Isl\u00e2mica do Ir\u00e3 &#8230; mas os destruiremos se eles cruzarem nossas linhas vermelhas&#8221;. ele disse.<\/p>\n<h3>Oito com &#8216;links para a CIA&#8217; presos<\/h3>\n<p>A ag\u00eancia de not\u00edcias oficial IRNA informou em\u00a0<strong>27 de novembro<\/strong>\u00a0que agentes de seguran\u00e7a iranianos prenderam pelo menos oito pessoas ligadas \u00e0 CIA durante tumultos mortais devido ao aumento dos pre\u00e7os da gasolina.<\/p>\n<p>&#8220;Esses elementos receberam treinamento financiado pela CIA em v\u00e1rios pa\u00edses, sob o disfarce de jornalistas cidad\u00e3os&#8221;, afirmou o IRNA, segundo o Minist\u00e9rio da Intelig\u00eancia.\u00a0&#8220;Seis foram presos enquanto participavam dos dist\u00farbios e cumpriam ordens [da CIA] e dois enquanto tentavam &#8230; enviar informa\u00e7\u00f5es para o exterior&#8221;.<\/p>\n<h3>Pent\u00e1gono nega considerar mais tropas<\/h3>\n<p>O Pent\u00e1gono, em\u00a0<strong>4 de dezembro,<\/strong>\u00a0\u00a0negou a informa\u00e7\u00e3o de que os EUA estavam enviando mais 14.000 soldados ao Oriente M\u00e9dio para enfrentar uma amea\u00e7a percebida do Ir\u00e3.<\/p>\n<p>O Wall Street Journal havia relatado anteriormente que a poss\u00edvel implanta\u00e7\u00e3o incluiria &#8220;dezenas&#8221; de mais navios e dobraria o n\u00famero de soldados adicionados \u00e0s for\u00e7as americanas na regi\u00e3o.<\/p>\n<h3>Navio de guerra apreendido<\/h3>\n<p>Um navio de guerra da Marinha dos EUA apreendeu pe\u00e7as avan\u00e7adas de m\u00edsseis em\u00a0<strong>4 de dezembro, que<\/strong>\u00a0\u00a0se acredita estarem ligadas ao Ir\u00e3 de um barco que havia parado no Mar Ar\u00e1bico.<\/p>\n<p>Em um comunicado, o Pent\u00e1gono disse que um navio de guerra dos EUA encontrou &#8220;componentes avan\u00e7ados de m\u00edsseis&#8221; em um navio ap\u00e1trida e uma investiga\u00e7\u00e3o inicial indicou que as pe\u00e7as eram de origem iraniana.<\/p>\n<h3>Troca de prisioneiros<\/h3>\n<p>Em um raro ato de coopera\u00e7\u00e3o, o Ir\u00e3 e os EUA em\u00a0<strong>7 de dezembro<\/strong>\u00a0trocaram prisioneiros.<\/p>\n<p>Xiyue Wang, cidad\u00e3o americano nascido no pa\u00eds e detido no Ir\u00e3 desde 2016, foi trocado por Massoud Soleimani, um cientista iraniano detido nos EUA.<\/p>\n<p>A troca foi facilitada pelo governo su\u00ed\u00e7o.<\/p>\n<div class=\"article-embeded-block-image article-embedded-card fullwidth\">\n<div class=\"article-embeded-mediaCaption\" data-image-url=\"\/mritems\/Images\/2020\/1\/3\/657de080b7644e758344f6b3ceb2fab6_19.jpg\">\n<div class=\"article-embeded-image\"><img decoding=\"async\" class=\"img-responsive article-embeded-media-img\" title=\"Embaixador dos EUA na Su\u00ed\u00e7a Edward McMullen cumprimenta Xiyue Wang em Zurique, Su\u00ed\u00e7a [Arquivo: Divulga\u00e7\u00e3o via Reuters]\" src=\"https:\/\/i1.wp.com\/www.aljazeera.com\/mritems\/Images\/2020\/1\/3\/657de080b7644e758344f6b3ceb2fab6_19.jpg?w=525&#038;ssl=1\" alt=\"Xiyue Wang\" border=\"0\" data-recalc-dims=\"1\" \/><\/div>\n<div class=\"article-embeded-caption\">Embaixador dos EUA na Su\u00ed\u00e7a Edward McMullen cumprimenta Xiyue Wang em Zurique, Su\u00ed\u00e7a [Arquivo: Divulga\u00e7\u00e3o via Reuters]<\/div>\n<\/div>\n<\/div>\n<h3>&#8216;Or\u00e7amento de resist\u00eancia&#8217;<\/h3>\n<p>Em\u00a0<strong>8 de dezembro<\/strong>\u00a0, o presidente do Ir\u00e3, Hassan Rouhani, anunciou um &#8220;or\u00e7amento de resist\u00eancia&#8221; de US $ 39 bilh\u00f5es para combater as san\u00e7\u00f5es dos EUA.<\/p>\n<p>Rouhani disse que o objetivo era reduzir as &#8220;dificuldades&#8221; para ajudar o povo iraniano a superar as dificuldades econ\u00f4micas.<\/p>\n<div class=\"article-embeded-block-image article-embedded-card fullwidth\">\n<div class=\"article-embeded-mediaCaption\" data-image-url=\"\/mritems\/Images\/2020\/1\/3\/6dc5f1cdc7894ecabd1d5c92dcca5854_19.jpg\">\n<div class=\"article-embeded-image\"><img decoding=\"async\" class=\"img-responsive article-embeded-media-img\" title=\" Presidente iraniano Hassan Rouhani falando em uma coletiva de imprensa na Assembl\u00e9ia Geral das Na\u00e7\u00f5es Unidas em Nova York [Arquivo: Brendan McDermid \/ Reuters]\" src=\"https:\/\/i2.wp.com\/www.aljazeera.com\/mritems\/Images\/2020\/1\/3\/6dc5f1cdc7894ecabd1d5c92dcca5854_19.jpg?w=525&#038;ssl=1\" alt=\"Rouhani\" border=\"0\" data-recalc-dims=\"1\" \/><\/div>\n<div class=\"article-embeded-caption\">Presidente iraniano Hassan Rouhani falando em uma coletiva de imprensa na Assembl\u00e9ia Geral das Na\u00e7\u00f5es Unidas em Nova York [Arquivo: Brendan McDermid \/ Reuters]<\/div>\n<\/div>\n<\/div>\n<p>&#8220;Ao contr\u00e1rio do que os americanos pensavam, que, com a press\u00e3o das san\u00e7\u00f5es, a economia de nosso pa\u00eds encontraria problemas, gra\u00e7as a Deus escolhemos o caminho correto &#8230; e estamos avan\u00e7ando&#8221;, afirmou.<\/p>\n<p>O or\u00e7amento inclu\u00eda um aumento salarial de 15% para os funcion\u00e1rios do setor p\u00fablico.<\/p>\n<h3>San\u00e7\u00f5es \u00e0 maior companhia a\u00e9rea do Ir\u00e3<\/h3>\n<p>Em\u00a0<strong>11 de dezembro<\/strong>\u00a0, o Tesouro dos EUA imp\u00f4s novas san\u00e7\u00f5es contra a maior companhia a\u00e9rea do Ir\u00e3 e sua ind\u00fastria naval, acusando-as de transportar ajuda letal ao I\u00eamen.<\/p>\n<p>O secret\u00e1rio de Estado dos EUA, Mike Pompeo, disse que Washington atacou tr\u00eas agentes gerais de vendas da Mahan Air sobre o papel que a companhia a\u00e9rea teria desempenhado na prolifera\u00e7\u00e3o de armas de destrui\u00e7\u00e3o em massa.<\/p>\n<p>Tamb\u00e9m estava na lista negra uma rede de transporte iraniano acusada pelos EUA de contrabandear ajuda do Ir\u00e3 ao I\u00eamen em nome de grupos armados.<\/p>\n<h3>Restri\u00e7\u00f5es de visto para funcion\u00e1rios iranianos<\/h3>\n<p>Em\u00a0<strong>19 de dezembro<\/strong>\u00a0, os EUA anunciaram que restringiriam vistos para autoridades iranianas por seus supostos pap\u00e9is na supress\u00e3o de protestos pac\u00edficos e impuseram san\u00e7\u00f5es a dois ju\u00edzes iranianos.<\/p>\n<p>As san\u00e7\u00f5es impostas pelo Tesouro congelaram todos os bens que os dois ju\u00edzes t\u00eam nos EUA e impediram os cidad\u00e3os americanos de negociar com eles.<\/p>\n<h3><strong><a name=\"contractor\"><\/a>Empreiteiro dos EUA morto<\/strong><\/h3>\n<p><a name=\"contractor\"><\/a>Em\u00a0<strong>27 de dezembro<\/strong>\u00a0, um\u00a0\u00a0<a href=\"https:\/\/www.aljazeera.com\/news\/2019\/12\/iraq-rocket-attack-kills-contractor-wounds-military-personnel-191227235352530.html\">ataque<\/a>\u00a0\u00a0com\u00a0<a href=\"https:\/\/www.aljazeera.com\/news\/2019\/12\/iraq-rocket-attack-kills-contractor-wounds-military-personnel-191227235352530.html\">foguete contra<\/a>\u00a0uma base militar iraquiana em Kirkuk matou um empreiteiro dos EUA e feriu v\u00e1rios militares e funcion\u00e1rios iraquianos.<\/p>\n<p>Em seu comunicado confirmando o ataque, a coaliz\u00e3o liderada pelos EUA contra o ISIL (grupo ISIS) n\u00e3o especificou quem poderia ser o respons\u00e1vel, mas as autoridades americanas mais tarde culparam o Kataib Hezbollah, uma mil\u00edcia apoiada pelo Ir\u00e3, pelo ataque.<\/p>\n<h3><strong>EUA t\u00eam como alvo sites de mil\u00edcias<\/strong><\/h3>\n<p>Dois dias depois &#8211; em 29 de dezembro &#8211; os militares dos EUA\u00a0\u00a0<a href=\"https:\/\/www.aljazeera.com\/news\/2019\/12\/strikes-target-pro-iran-militia-bases-iraq-syria-191229181320656.html\">realizaram<\/a>\u00a0\u00a0&#8220;ataques defensivos&#8221; em locais no Iraque e na S\u00edria pertencentes ao Kataib Hezbollah que, segundo Washington, estavam em retalia\u00e7\u00e3o pelo assassinato do empreiteiro americano.<\/p>\n<p>Fontes de seguran\u00e7a e mil\u00edcias iraquianas disseram que pelo menos 25 combatentes foram mortos e outros 55 ficaram feridos ap\u00f3s os ataques a\u00e9reos no Iraque no domingo.<\/p>\n<div class=\"article-embeded-block-image article-embedded-card fullwidth\">\n<div class=\"article-embeded-mediaCaption\" data-image-url=\"\/mritems\/Images\/2020\/1\/3\/2b63ed809d6e469aba640eefc79509cd_19.jpg\">\n<div class=\"article-embeded-image\"><img decoding=\"async\" class=\"img-responsive article-embeded-media-img\" title=\"Um buraco deixado ap\u00f3s um ataque a\u00e9reo \u00e9 visto na sede do grupo de mil\u00edcias Kataib Hezbollah em Qaim, Iraque [Reuters]\" src=\"https:\/\/i0.wp.com\/www.aljazeera.com\/mritems\/Images\/2020\/1\/3\/2b63ed809d6e469aba640eefc79509cd_19.jpg?w=525&#038;ssl=1\" alt=\"Greve dos EUA\" border=\"0\" data-recalc-dims=\"1\" \/><\/div>\n<div class=\"article-embeded-caption\">Um buraco deixado ap\u00f3s um ataque a\u00e9reo \u00e9 visto na sede do grupo de mil\u00edcias Kataib Hezbollah em Qaim, Iraque [Reuters]<\/div>\n<\/div>\n<\/div>\n<p>Pelo menos quatro comandantes do Kataib Hezbollah estavam entre os mortos, disseram as fontes, acrescentando que um dos ataques atingiu a sede do grupo apoiado pelo Ir\u00e3, perto do distrito de al-Qaim, na fronteira com a S\u00edria.<\/p>\n<p>O Ir\u00e3 condenou veementemente os ataques, com um porta-voz do governo dizendo: &#8220;Os EUA demonstraram seu firme apoio ao terrorismo e sua neglig\u00eancia pela independ\u00eancia e soberania dos pa\u00edses e devem aceitar as conseq\u00fc\u00eancias por seu ato ilegal&#8221;.<\/p>\n<h3><strong>Manifestantes atacam embaixada dos EUA\u00a0<\/strong><\/h3>\n<p>Em\u00a0<strong>31 de dezembro<\/strong>\u00a0, membros e apoiadores enfurecidos de grupos paramilitares pr\u00f3-iranianos no Iraque\u00a0\u00a0<a href=\"https:\/\/www.aljazeera.com\/news\/2019\/12\/iraqi-protesters-attempt-storm-embassy-baghdad-191231090526066.html\">invadiram<\/a>\u00a0\u00a0o complexo da embaixada dos EUA em Bagd\u00e1, esmagando uma porta principal e incendiando partes de seu per\u00edmetro.<\/p>\n<p>Trump culpou o Ir\u00e3 por matar o empreiteiro dos EUA e as tens\u00f5es decorrentes da embaixada.<\/p>\n<p>&#8220;O Ir\u00e3 est\u00e1 orquestrando um ataque \u00e0 embaixada dos EUA no Iraque. Eles ser\u00e3o totalmente responsabilizados&#8221;,\u00a0<a href=\"https:\/\/twitter.com\/realDonaldTrump\/status\/1211981022084128768\" target=\"_blank\" rel=\"noopener\">escreveu<\/a>\u00a0ele\u00a0\u00a0\u00a0no Twitter.<\/p>\n<div class=\"SandboxRoot env-bp-350\" data-twitter-event-id=\"9\">\n<div id=\"twitter-widget-9\" class=\"EmbeddedTweet EmbeddedTweet--cta js-clickToOpenTarget\" lang=\"en\" data-click-to-open-target=\"https:\/\/twitter.com\/realDonaldTrump\/status\/1212121026072592384\" data-iframe-title=\"Twitter Tweet\" data-scribe=\"page:tweet\" data-twitter-event-id=\"16\">\n<div class=\"EmbeddedTweet-ancestor EmbeddedTweet-ancestor--repliesRefresh\" data-scribe=\"section:conversation\">\n<blockquote class=\"Tweet Tweet--compact h-entry reply js-tweetIdInfo\" cite=\"https:\/\/twitter.com\/realDonaldTrump\/status\/1212121012151689217\" data-tweet-id=\"1212121012151689217\">\n<div class=\"Tweet-ancestorContainer Tweet-ancestorContainer--repliesRefresh\">\n<p><a class=\"TweetAuthor-avatar TweetAuthor-avatar--ancestor Identity-avatar u-linkBlend\" href=\"https:\/\/twitter.com\/realDonaldTrump\" data-scribe=\"element:user_link\" aria-label=\"Donald J. Trump (screen name: realDonaldTrump)\"><img decoding=\"async\" class=\"Avatar\" src=\"https:\/\/i1.wp.com\/pbs.twimg.com\/profile_images\/874276197357596672\/kUuht00m_normal.jpg?w=525&#038;ssl=1\" alt=\"\" data-scribe=\"element:avatar\" data-src-2x=\"https:\/\/pbs.twimg.com\/profile_images\/874276197357596672\/kUuht00m_bigger.jpg\" data-src-1x=\"https:\/\/i1.wp.com\/pbs.twimg.com\/profile_images\/874276197357596672\/kUuht00m_normal.jpg?w=525&#038;ssl=1\" data-recalc-dims=\"1\" \/><\/a><\/p>\n<div class=\"Tweet-ancestorContents Tweet-ancestorContents--repliesRefresh\">\n<div class=\"Tweet-header\">\n<div class=\"TweetAuthor js-inViewportScribingTarget TweetAuthor--oneLine\" data-scribe=\"component:author\">\n<div class=\"TweetAuthor-nameScreenNameContainer\">\n<p><span class=\"TweetAuthor-decoratedName\"><span class=\"TweetAuthor-name Identity-name customisable-highlight\" title=\"Donald J. Trump\" data-scribe=\"element:name\">Donald J. Trump<\/span><\/span><\/p>\n<div class=\"Icon Icon--verified \" title=\"Verified Account\" role=\"img\" aria-label=\"Verified Account\"><\/div>\n<p><span class=\"TweetAuthor-decoratedName\"><span class=\"TweetAuthor-verifiedBadge\" data-scribe=\"element:verified_badge\"><b class=\"u-hiddenVisually\">\u2714<\/b><\/span><\/span><span class=\"TweetAuthor-screenName Identity-screenName\" dir=\"ltr\" title=\"@realDonaldTrump\" data-scribe=\"element:screen_name\">@realDonaldTrump<\/span><\/p>\n<\/div>\n<\/div>\n<div class=\"Tweet-metadata\">\u00a0\u00b7\u00a0<a class=\"u-linkBlend u-url permalink customisable-highlight\" href=\"https:\/\/twitter.com\/realDonaldTrump\/status\/1212121012151689217\" data-scribe=\"element:mini_timestamp\"><time class=\"dt-updated\" title=\"Time posted: December 31, 2019 21:19:04 (UTC)\" datetime=\"2019-12-31T21:19:04+0000\" aria-label=\"Posted on Dec 31, 2019\">Dec 31, 2019<\/time><\/a><\/div>\n<div class=\"Tweet-brand\">\n<div class=\"Icon Icon--twitter \" title=\"View on Twitter\" role=\"presentation\" aria-label=\"View on Twitter\"><\/div>\n<\/div>\n<\/div>\n<div class=\"Tweet-body e-entry-content\" data-scribe=\"component:tweet\">\n<p class=\"Tweet-text e-entry-title\" dir=\"ltr\" lang=\"en\">The U.S. Embassy in Iraq is, &amp; has been for hours, SAFE! Many of our great Warfighters, together with the most lethal military equipment in the world, was immediately rushed to the site. Thank you to the President &amp; Prime Minister of Iraq for their rapid response upon request&#8230;.<\/p>\n<\/div>\n<\/div>\n<\/div>\n<\/blockquote>\n<\/div>\n<div class=\"EmbeddedTweet-tweetContainer\">\n<div class=\"EmbeddedTweet-tweet\">\n<blockquote class=\"Tweet h-entry js-tweetIdInfo subject expanded\" cite=\"https:\/\/twitter.com\/realDonaldTrump\/status\/1212121026072592384\" data-tweet-id=\"1212121026072592384\" data-scribe=\"section:subject\">\n<div class=\"Tweet-header\">\n<p><a class=\"TweetAuthor-avatar Identity-avatar u-linkBlend\" href=\"https:\/\/twitter.com\/realDonaldTrump\" data-scribe=\"element:user_link\" aria-label=\"Donald J. Trump (screen name: realDonaldTrump)\"><img decoding=\"async\" class=\"Avatar\" src=\"https:\/\/i1.wp.com\/pbs.twimg.com\/profile_images\/874276197357596672\/kUuht00m_normal.jpg?w=525&#038;ssl=1\" alt=\"\" data-scribe=\"element:avatar\" data-src-2x=\"https:\/\/pbs.twimg.com\/profile_images\/874276197357596672\/kUuht00m_bigger.jpg\" data-src-1x=\"https:\/\/i1.wp.com\/pbs.twimg.com\/profile_images\/874276197357596672\/kUuht00m_normal.jpg?w=525&#038;ssl=1\" data-recalc-dims=\"1\" \/><\/a><\/p>\n<div class=\"TweetAuthor js-inViewportScribingTarget\" data-scribe=\"component:author\">\n<div class=\"TweetAuthor-nameScreenNameContainer\">\n<p><span class=\"TweetAuthor-decoratedName\"><span class=\"TweetAuthor-name Identity-name customisable-highlight\" title=\"Donald J. Trump\" data-scribe=\"element:name\">Donald J. Trump<\/span><\/span><\/p>\n<div class=\"Icon Icon--verified \" title=\"Verified Account\" role=\"img\" aria-label=\"Verified Account\"><\/div>\n<p><span class=\"TweetAuthor-decoratedName\"><span class=\"TweetAuthor-verifiedBadge\" data-scribe=\"element:verified_badge\"><b class=\"u-hiddenVisually\">\u2714<\/b><\/span><\/span><span class=\"TweetAuthor-screenName Identity-screenName\" dir=\"ltr\" title=\"@realDonaldTrump\" data-scribe=\"element:screen_name\">@realDonaldTrump<\/span><\/p>\n<\/div>\n<\/div>\n<\/div>\n<div class=\"Tweet-body e-entry-content\" data-scribe=\"component:tweet\">\n<div class=\"Tweet-target js-inViewportScribingTarget\"><\/div>\n<p class=\"Tweet-text e-entry-title\" dir=\"ltr\" lang=\"en\">&#8230;.Iran will be held fully responsible for lives lost, or damage incurred, at any of our facilities. They will pay a very BIG PRICE! This is not a Warning, it is a Threat. Happy New Year!<\/p>\n<div class=\"TweetInfo\">\n<div class=\"TweetInfo-like\">\n<div data-scribe=\"element:heart\">\n<div class=\"Icon Icon--heart \" title=\"Like\" role=\"img\" aria-label=\"Like\"><\/div>\n<\/div>\n<p><a class=\"TweetInfo-heart\" title=\"Like\" href=\"https:\/\/twitter.com\/intent\/like?tweet_id=1212121026072592384\" data-scribe=\"component:actions\"><span class=\"TweetInfo-heartStat\" data-scribe=\"element:heart_count\">119K<\/span><\/a><\/p>\n<\/div>\n<div class=\"TweetInfo-timeGeo\"><a class=\"u-linkBlend u-url customisable-highlight long-permalink\" href=\"https:\/\/twitter.com\/realDonaldTrump\/status\/1212121026072592384\" data-datetime=\"2019-12-31T21:19:07+0000\" data-scribe=\"element:full_timestamp\"><time class=\"dt-updated\" title=\"Time posted: December 31, 2019 21:19:07 (UTC)\" datetime=\"2019-12-31T21:19:07+0000\">6:19 PM &#8211; Dec 31, 2019<\/time><\/a><\/div>\n<div class=\"tweet-InformationCircle\" data-scribe=\"element:notice\"><a class=\"Icon Icon--informationCircleWhite js-inViewportScribingTarget\" title=\"Twitter Ads info and privacy\" href=\"https:\/\/support.twitter.com\/articles\/20175256\"><span class=\"u-hiddenVisually\">Twitter Ads info and privacy<\/span><\/a><\/div>\n<\/div>\n<\/div>\n<\/blockquote>\n<\/div>\n<div class=\"CallToAction-icon\" data-scribe=\"element:conversation_icon\">\n<div class=\"Icon Icon--replyCTA \" title=\"View conversation on Twitter\" role=\"img\" aria-label=\"View conversation on Twitter\"><\/div>\n<\/div>\n<div class=\"CallToAction-text\" data-scribe=\"element:conversation_text\">46.7K people are talking about this<\/div>\n<div class=\"CallToAction-chevron\" data-scribe=\"element:cta_chevron\">\n<div class=\"Icon Icon--chevronRightCTA \" title=\"View on Twitter\" role=\"img\" aria-label=\"View on Twitter\"><\/div>\n<\/div>\n<\/div>\n<\/div>\n<div class=\"resize-sensor\">\n<div class=\"resize-sensor-expand\">\n<div><\/div>\n<\/div>\n<div class=\"resize-sensor-shrink\">\n<div><\/div>\n<\/div>\n<\/div>\n<\/div>\n<p>Tropas dos EUA e for\u00e7as de seguran\u00e7a iraquianas\u00a0\u00a0<a href=\"https:\/\/www.aljazeera.com\/news\/2020\/01\/troops-fire-tear-gas-pro-pmf-protesters-baghdad-200101110505422.html\">dispararam<\/a>\u00a0\u00a0g\u00e1s lacrimog\u00eaneo e granadas de choque contra os manifestantes, membros da PMF e seus apoiadores que cercavam o complexo da embaixada.<\/p>\n<p>A manifesta\u00e7\u00e3o\u00a0\u00a0<a href=\"https:\/\/www.aljazeera.com\/news\/2020\/01\/protesters-leave-embassy-compound-baghdad-200101150105003.html\">terminou<\/a>\u00a0\u00a0em\u00a0<strong>1 de janeiro de 2020.<\/strong><\/p>\n<div class=\"article-embeded-block-image article-embedded-card fullwidth\">\n<div class=\"article-embeded-mediaCaption\" data-image-url=\"\/mritems\/Images\/2020\/1\/1\/6042bd4bc06a401ea753a12bd36532fe_18.jpg\">\n<div class=\"article-embeded-image\"><img decoding=\"async\" class=\"img-responsive article-embeded-media-img\" title=\"Um manifestante segura um cartaz com a ilustra\u00e7\u00e3o do presidente dos EUA, Donald Trump, queimando do lado de fora da Embaixada dos EUA durante um protesto para condenar ataques a\u00e9reos em bases pertencentes a Hashd al-Shaabi (for\u00e7as paramilitares), em Bagd\u00e1, Iraque, em 1\u00ba de janeiro de 2020 REUTERS \/ Khalid al-Mousily\" src=\"https:\/\/i2.wp.com\/www.aljazeera.com\/mritems\/Images\/2020\/1\/1\/6042bd4bc06a401ea753a12bd36532fe_18.jpg?w=525&#038;ssl=1\" alt=\"Protesto anti-EUA\" border=\"0\" data-recalc-dims=\"1\" \/><\/div>\n<div class=\"article-embeded-caption\">Um manifestante segura um cartaz em chamas com uma ilustra\u00e7\u00e3o do presidente dos EUA, Donald Trump, do lado de fora da embaixada dos EUA durante um protesto em Bagd\u00e1 em 1\u00ba de janeiro de 2020 [Arquivo: Khalid al-Mousily \/ Reuters]<\/div>\n<\/div>\n<\/div>\n<h2>2020<\/h2>\n<h3>Esper adverte que o Ir\u00e3 pode estar planejando ataques a interesses dos EUA<\/h3>\n<p>Enquanto isso, em\u00a0<strong>2 de janeiro<\/strong>\u00a0, o secret\u00e1rio de Defesa dos EUA, Mark Esper, disse que havia &#8220;algumas indica\u00e7\u00f5es&#8221; de que o Ir\u00e3 ou grupos que ele ap\u00f3ia &#8220;podem estar planejando ataques adicionais&#8221; aos interesses dos EUA no\u00a0\u00a0<a href=\"https:\/\/www.aljazeera.com\/topics\/regions\/middleeast.html\">Oriente M\u00e9dio<\/a>\u00a0.<\/p>\n<p>&#8220;Se isso acontecer, ent\u00e3o agiremos. E, a prop\u00f3sito, se tivermos not\u00edcias de ataques ou algum tipo de [indica\u00e7\u00e3o], tomaremos medidas preventivas tamb\u00e9m para proteger as for\u00e7as americanas para proteger vidas americanas&#8221;, o Pent\u00e1gono chefe a rep\u00f3rteres.<\/p>\n<h3>EUA assassinam Soleimani<\/h3>\n<p>Em um ataque a\u00e9reo antes do amanhecer no aeroporto iraquiano de Bagd\u00e1, em\u00a0<strong>3 de janeiro<\/strong>\u00a0, os EUA atacaram e mataram\u00a0\u00a0Qassem Soleimani, chefe da for\u00e7a de elite Quds do Ir\u00e3, e Abu Mahdi al-Muhandis, vice-comandante das mil\u00edcias apoiadas pelo Ir\u00e3, conhecidas como Mobiliza\u00e7\u00e3o Popular For\u00e7as, ou PMF.<\/p>\n<p>O Ir\u00e3 prometeu retalia\u00e7\u00e3o severa.<\/p>\n<\/div>\n<div class=\"article-body-artSource\">\n<p>FONTE:\u00a0<a href=\"https:\/\/www.aljazeera.com\/\">AL JAZEERA E AG\u00caNCIAS DE NOT\u00cdCIAS<\/a><\/p>\n<\/div>\n<\/div>\n<\/article>\n<\/div>\n<\/div>\n<\/div>\n<p><!--more--><\/p>\n<p><!--more--><\/p>\n<p><!--more--><\/p>\n<p><!--more--><\/p>\n<p><!--more--><\/p>\n<p><!--more--><\/p>\n<p><!--more--><\/p>\n","protected":false},"excerpt":{"rendered":"<p>Tens\u00f5es EUA-Ir\u00e3: cronograma de eventos que levaram ao assassinato de Soleimani As tens\u00f5es entre Washington e Teer\u00e3 aumentam depois que o presidente dos EUA, Trump, ordena o assassinato do comandante iraniano. As tens\u00f5es entre os\u00a0\u00a0Estados Unidos\u00a0\u00a0e o\u00a0\u00a0Ir\u00e3\u00a0\u00a0aumentaram dramaticamente na sexta-feira depois que o presidente dos EUA, Donald Trump, ordenou a morte do principal comandante militar &hellip; <\/p>\n<p class=\"link-more\"><a href=\"https:\/\/jmtweb.net.br\/websites\/aljazeera-tensoes-usa-ira-cronograma-de-eventos\/\" class=\"more-link\">Continue lendo<span class=\"screen-reader-text\"> &#8220;Aljazeera >> Tens\u00f5es Usa-Ir\u00e3: cronograma de eventos&#8221;<\/span><\/a><\/p>\n","protected":false},"author":1,"featured_media":1113,"comment_status":"open","ping_status":"open","sticky":false,"template":"","format":"standard","meta":{"spay_email":"","jetpack_publicize_message":"","jetpack_is_tweetstorm":false},"categories":[14],"tags":[114],"yoast_head":"<!-- This site is optimized with the Yoast SEO plugin v20.1 - https:\/\/yoast.com\/wordpress\/plugins\/seo\/ -->\r\n<title>Aljazeera &gt;&gt; Tens\u00f5es Usa-Ir\u00e3: cronograma de eventos | JMT Cria\u00e7\u00e3o de Sites<\/title>\r\n<meta name=\"robots\" content=\"index, follow, max-snippet:-1, max-image-preview:large, max-video-preview:-1\" \/>\r\n<link rel=\"canonical\" href=\"https:\/\/jmtweb.net.br\/websites\/aljazeera-tensoes-usa-ira-cronograma-de-eventos\/\" \/>\r\n<meta property=\"og:locale\" content=\"pt_BR\" \/>\r\n<meta property=\"og:type\" content=\"article\" \/>\r\n<meta property=\"og:title\" content=\"Aljazeera &gt;&gt; Tens\u00f5es Usa-Ir\u00e3: cronograma de eventos | JMT Cria\u00e7\u00e3o de Sites\" \/>\r\n<meta property=\"og:description\" content=\"Tens\u00f5es EUA-Ir\u00e3: cronograma de eventos que levaram ao assassinato de Soleimani As tens\u00f5es entre Washington e Teer\u00e3 aumentam depois que o presidente dos EUA, Trump, ordena o assassinato do comandante iraniano. As tens\u00f5es entre os\u00a0\u00a0Estados Unidos\u00a0\u00a0e o\u00a0\u00a0Ir\u00e3\u00a0\u00a0aumentaram dramaticamente na sexta-feira depois que o presidente dos EUA, Donald Trump, ordenou a morte do principal comandante militar &hellip; Continue lendo &quot;Aljazeera &gt;&gt; Tens\u00f5es Usa-Ir\u00e3: cronograma de eventos&quot;\" \/>\r\n<meta property=\"og:url\" content=\"https:\/\/jmtweb.net.br\/websites\/aljazeera-tensoes-usa-ira-cronograma-de-eventos\/\" \/>\r\n<meta property=\"og:site_name\" content=\"JMT Cria\u00e7\u00e3o de Sites\" \/>\r\n<meta property=\"article:publisher\" content=\"https:\/\/www.facebook.com\/JMTWebsolutions\/\" \/>\r\n<meta property=\"article:published_time\" content=\"2020-01-04T20:02:15+00:00\" \/>\r\n<meta property=\"article:modified_time\" content=\"2020-01-04T20:51:40+00:00\" \/>\r\n<meta property=\"og:image\" content=\"https:\/\/i1.wp.com\/jmtweb.net.br\/websites\/wp-content\/uploads\/2020\/01\/iran.jpg?fit=1280%2C720&ssl=1\" \/>\r\n\t<meta property=\"og:image:width\" content=\"1280\" \/>\r\n\t<meta property=\"og:image:height\" content=\"720\" \/>\r\n\t<meta property=\"og:image:type\" content=\"image\/jpeg\" \/>\r\n<meta name=\"author\" content=\"JMTweb Cria\u00e7\u00e3o de Sites\" \/>\r\n<meta name=\"twitter:card\" content=\"summary_large_image\" \/>\r\n<meta name=\"twitter:creator\" content=\"@jmtwebsolutions\" \/>\r\n<meta name=\"twitter:site\" content=\"@jmtwebsolutions\" \/>\r\n<meta name=\"twitter:label1\" content=\"Escrito por\" \/>\n\t<meta name=\"twitter:data1\" content=\"JMTweb Cria\u00e7\u00e3o de Sites\" \/>\n\t<meta name=\"twitter:label2\" content=\"Est. tempo de leitura\" \/>\n\t<meta name=\"twitter:data2\" content=\"31 minutos\" \/>\r\n<script type=\"application\/ld+json\" class=\"yoast-schema-graph\">{\"@context\":\"https:\/\/schema.org\",\"@graph\":[{\"@type\":\"Article\",\"@id\":\"https:\/\/jmtweb.net.br\/websites\/aljazeera-tensoes-usa-ira-cronograma-de-eventos\/#article\",\"isPartOf\":{\"@id\":\"https:\/\/jmtweb.net.br\/websites\/aljazeera-tensoes-usa-ira-cronograma-de-eventos\/\"},\"author\":{\"name\":\"JMTweb Cria\u00e7\u00e3o de Sites\",\"@id\":\"https:\/\/jmtweb.net.br\/websites\/#\/schema\/person\/13bc85160d846d703ffaea956066d7d9\"},\"headline\":\"Aljazeera >> Tens\u00f5es Usa-Ir\u00e3: cronograma de eventos\",\"datePublished\":\"2020-01-04T20:02:15+00:00\",\"dateModified\":\"2020-01-04T20:51:40+00:00\",\"mainEntityOfPage\":{\"@id\":\"https:\/\/jmtweb.net.br\/websites\/aljazeera-tensoes-usa-ira-cronograma-de-eventos\/\"},\"wordCount\":6074,\"commentCount\":1,\"publisher\":{\"@id\":\"https:\/\/jmtweb.net.br\/websites\/#organization\"},\"keywords\":[\"Noticias\"],\"articleSection\":[\"Noticias\"],\"inLanguage\":\"pt-BR\",\"potentialAction\":[{\"@type\":\"CommentAction\",\"name\":\"Comment\",\"target\":[\"https:\/\/jmtweb.net.br\/websites\/aljazeera-tensoes-usa-ira-cronograma-de-eventos\/#respond\"]}]},{\"@type\":\"WebPage\",\"@id\":\"https:\/\/jmtweb.net.br\/websites\/aljazeera-tensoes-usa-ira-cronograma-de-eventos\/\",\"url\":\"https:\/\/jmtweb.net.br\/websites\/aljazeera-tensoes-usa-ira-cronograma-de-eventos\/\",\"name\":\"Aljazeera >> Tens\u00f5es Usa-Ir\u00e3: cronograma de eventos | JMT Cria\u00e7\u00e3o de Sites\",\"isPartOf\":{\"@id\":\"https:\/\/jmtweb.net.br\/websites\/#website\"},\"datePublished\":\"2020-01-04T20:02:15+00:00\",\"dateModified\":\"2020-01-04T20:51:40+00:00\",\"breadcrumb\":{\"@id\":\"https:\/\/jmtweb.net.br\/websites\/aljazeera-tensoes-usa-ira-cronograma-de-eventos\/#breadcrumb\"},\"inLanguage\":\"pt-BR\",\"potentialAction\":[{\"@type\":\"ReadAction\",\"target\":[\"https:\/\/jmtweb.net.br\/websites\/aljazeera-tensoes-usa-ira-cronograma-de-eventos\/\"]}]},{\"@type\":\"BreadcrumbList\",\"@id\":\"https:\/\/jmtweb.net.br\/websites\/aljazeera-tensoes-usa-ira-cronograma-de-eventos\/#breadcrumb\",\"itemListElement\":[{\"@type\":\"ListItem\",\"position\":1,\"name\":\"Home\",\"item\":\"https:\/\/jmtweb.net.br\/websites\/\"},{\"@type\":\"ListItem\",\"position\":2,\"name\":\"Aljazeera >> Tens\u00f5es Usa-Ir\u00e3: cronograma de eventos\"}]},{\"@type\":\"WebSite\",\"@id\":\"https:\/\/jmtweb.net.br\/websites\/#website\",\"url\":\"https:\/\/jmtweb.net.br\/websites\/\",\"name\":\"JMT Cria\u00e7\u00e3o de Sites\",\"description\":\"Desenvolvimento de sistemas web\",\"publisher\":{\"@id\":\"https:\/\/jmtweb.net.br\/websites\/#organization\"},\"potentialAction\":[{\"@type\":\"SearchAction\",\"target\":{\"@type\":\"EntryPoint\",\"urlTemplate\":\"https:\/\/jmtweb.net.br\/websites\/?s={search_term_string}\"},\"query-input\":\"required name=search_term_string\"}],\"inLanguage\":\"pt-BR\"},{\"@type\":\"Organization\",\"@id\":\"https:\/\/jmtweb.net.br\/websites\/#organization\",\"name\":\"JMT Cria\u00e7\u00e3o de Sites\",\"url\":\"https:\/\/jmtweb.net.br\/websites\/\",\"logo\":{\"@type\":\"ImageObject\",\"inLanguage\":\"pt-BR\",\"@id\":\"https:\/\/jmtweb.net.br\/websites\/#\/schema\/logo\/image\/\",\"url\":\"https:\/\/i0.wp.com\/jmtweb.net.br\/websites\/wp-content\/uploads\/2017\/06\/logo.png?fit=500%2C500&ssl=1\",\"contentUrl\":\"https:\/\/i0.wp.com\/jmtweb.net.br\/websites\/wp-content\/uploads\/2017\/06\/logo.png?fit=500%2C500&ssl=1\",\"width\":500,\"height\":500,\"caption\":\"JMT Cria\u00e7\u00e3o de Sites\"},\"image\":{\"@id\":\"https:\/\/jmtweb.net.br\/websites\/#\/schema\/logo\/image\/\"},\"sameAs\":[\"https:\/\/www.facebook.com\/JMTWebsolutions\/\",\"https:\/\/twitter.com\/jmtwebsolutions\",\"https:\/\/www.linkedin.com\/company\/jmt-web-solutions\",\"https:\/\/www.youtube.com\/channel\/UCbf_7MVzEaTrZ-Bni9rs0Dw\"]},{\"@type\":\"Person\",\"@id\":\"https:\/\/jmtweb.net.br\/websites\/#\/schema\/person\/13bc85160d846d703ffaea956066d7d9\",\"name\":\"JMTweb Cria\u00e7\u00e3o de Sites\",\"image\":{\"@type\":\"ImageObject\",\"inLanguage\":\"pt-BR\",\"@id\":\"https:\/\/jmtweb.net.br\/websites\/#\/schema\/person\/image\/\",\"url\":\"https:\/\/secure.gravatar.com\/avatar\/0e9f7cd80f8deb722f2121e40418c50a?s=96&d=mm&r=g\",\"contentUrl\":\"https:\/\/secure.gravatar.com\/avatar\/0e9f7cd80f8deb722f2121e40418c50a?s=96&d=mm&r=g\",\"caption\":\"JMTweb Cria\u00e7\u00e3o de Sites\"},\"sameAs\":[\"https:\/\/jmtweb.net.br\"],\"url\":\"https:\/\/jmtweb.net.br\/websites\/author\/atendimentojmtweb-net-br\/\"}]}<\/script>\r\n<!-- \/ Yoast SEO plugin. -->","yoast_head_json":{"title":"Aljazeera >> Tens\u00f5es Usa-Ir\u00e3: cronograma de eventos | JMT Cria\u00e7\u00e3o de Sites","robots":{"index":"index","follow":"follow","max-snippet":"max-snippet:-1","max-image-preview":"max-image-preview:large","max-video-preview":"max-video-preview:-1"},"canonical":"https:\/\/jmtweb.net.br\/websites\/aljazeera-tensoes-usa-ira-cronograma-de-eventos\/","og_locale":"pt_BR","og_type":"article","og_title":"Aljazeera >> Tens\u00f5es Usa-Ir\u00e3: cronograma de eventos | JMT Cria\u00e7\u00e3o de Sites","og_description":"Tens\u00f5es EUA-Ir\u00e3: cronograma de eventos que levaram ao assassinato de Soleimani As tens\u00f5es entre Washington e Teer\u00e3 aumentam depois que o presidente dos EUA, Trump, ordena o assassinato do comandante iraniano. As tens\u00f5es entre os\u00a0\u00a0Estados Unidos\u00a0\u00a0e o\u00a0\u00a0Ir\u00e3\u00a0\u00a0aumentaram dramaticamente na sexta-feira depois que o presidente dos EUA, Donald Trump, ordenou a morte do principal comandante militar &hellip; Continue lendo \"Aljazeera >> Tens\u00f5es Usa-Ir\u00e3: cronograma de eventos\"","og_url":"https:\/\/jmtweb.net.br\/websites\/aljazeera-tensoes-usa-ira-cronograma-de-eventos\/","og_site_name":"JMT Cria\u00e7\u00e3o de Sites","article_publisher":"https:\/\/www.facebook.com\/JMTWebsolutions\/","article_published_time":"2020-01-04T20:02:15+00:00","article_modified_time":"2020-01-04T20:51:40+00:00","og_image":[{"width":1280,"height":720,"url":"https:\/\/i1.wp.com\/jmtweb.net.br\/websites\/wp-content\/uploads\/2020\/01\/iran.jpg?fit=1280%2C720&ssl=1","type":"image\/jpeg"}],"author":"JMTweb Cria\u00e7\u00e3o de Sites","twitter_card":"summary_large_image","twitter_creator":"@jmtwebsolutions","twitter_site":"@jmtwebsolutions","twitter_misc":{"Escrito por":"JMTweb Cria\u00e7\u00e3o de Sites","Est. tempo de leitura":"31 minutos"},"schema":{"@context":"https:\/\/schema.org","@graph":[{"@type":"Article","@id":"https:\/\/jmtweb.net.br\/websites\/aljazeera-tensoes-usa-ira-cronograma-de-eventos\/#article","isPartOf":{"@id":"https:\/\/jmtweb.net.br\/websites\/aljazeera-tensoes-usa-ira-cronograma-de-eventos\/"},"author":{"name":"JMTweb Cria\u00e7\u00e3o de Sites","@id":"https:\/\/jmtweb.net.br\/websites\/#\/schema\/person\/13bc85160d846d703ffaea956066d7d9"},"headline":"Aljazeera >> Tens\u00f5es Usa-Ir\u00e3: cronograma de eventos","datePublished":"2020-01-04T20:02:15+00:00","dateModified":"2020-01-04T20:51:40+00:00","mainEntityOfPage":{"@id":"https:\/\/jmtweb.net.br\/websites\/aljazeera-tensoes-usa-ira-cronograma-de-eventos\/"},"wordCount":6074,"commentCount":1,"publisher":{"@id":"https:\/\/jmtweb.net.br\/websites\/#organization"},"keywords":["Noticias"],"articleSection":["Noticias"],"inLanguage":"pt-BR","potentialAction":[{"@type":"CommentAction","name":"Comment","target":["https:\/\/jmtweb.net.br\/websites\/aljazeera-tensoes-usa-ira-cronograma-de-eventos\/#respond"]}]},{"@type":"WebPage","@id":"https:\/\/jmtweb.net.br\/websites\/aljazeera-tensoes-usa-ira-cronograma-de-eventos\/","url":"https:\/\/jmtweb.net.br\/websites\/aljazeera-tensoes-usa-ira-cronograma-de-eventos\/","name":"Aljazeera >> Tens\u00f5es Usa-Ir\u00e3: cronograma de eventos | JMT Cria\u00e7\u00e3o de Sites","isPartOf":{"@id":"https:\/\/jmtweb.net.br\/websites\/#website"},"datePublished":"2020-01-04T20:02:15+00:00","dateModified":"2020-01-04T20:51:40+00:00","breadcrumb":{"@id":"https:\/\/jmtweb.net.br\/websites\/aljazeera-tensoes-usa-ira-cronograma-de-eventos\/#breadcrumb"},"inLanguage":"pt-BR","potentialAction":[{"@type":"ReadAction","target":["https:\/\/jmtweb.net.br\/websites\/aljazeera-tensoes-usa-ira-cronograma-de-eventos\/"]}]},{"@type":"BreadcrumbList","@id":"https:\/\/jmtweb.net.br\/websites\/aljazeera-tensoes-usa-ira-cronograma-de-eventos\/#breadcrumb","itemListElement":[{"@type":"ListItem","position":1,"name":"Home","item":"https:\/\/jmtweb.net.br\/websites\/"},{"@type":"ListItem","position":2,"name":"Aljazeera >> Tens\u00f5es Usa-Ir\u00e3: cronograma de eventos"}]},{"@type":"WebSite","@id":"https:\/\/jmtweb.net.br\/websites\/#website","url":"https:\/\/jmtweb.net.br\/websites\/","name":"JMT Cria\u00e7\u00e3o de Sites","description":"Desenvolvimento de sistemas web","publisher":{"@id":"https:\/\/jmtweb.net.br\/websites\/#organization"},"potentialAction":[{"@type":"SearchAction","target":{"@type":"EntryPoint","urlTemplate":"https:\/\/jmtweb.net.br\/websites\/?s={search_term_string}"},"query-input":"required name=search_term_string"}],"inLanguage":"pt-BR"},{"@type":"Organization","@id":"https:\/\/jmtweb.net.br\/websites\/#organization","name":"JMT Cria\u00e7\u00e3o de Sites","url":"https:\/\/jmtweb.net.br\/websites\/","logo":{"@type":"ImageObject","inLanguage":"pt-BR","@id":"https:\/\/jmtweb.net.br\/websites\/#\/schema\/logo\/image\/","url":"https:\/\/i0.wp.com\/jmtweb.net.br\/websites\/wp-content\/uploads\/2017\/06\/logo.png?fit=500%2C500&ssl=1","contentUrl":"https:\/\/i0.wp.com\/jmtweb.net.br\/websites\/wp-content\/uploads\/2017\/06\/logo.png?fit=500%2C500&ssl=1","width":500,"height":500,"caption":"JMT Cria\u00e7\u00e3o de Sites"},"image":{"@id":"https:\/\/jmtweb.net.br\/websites\/#\/schema\/logo\/image\/"},"sameAs":["https:\/\/www.facebook.com\/JMTWebsolutions\/","https:\/\/twitter.com\/jmtwebsolutions","https:\/\/www.linkedin.com\/company\/jmt-web-solutions","https:\/\/www.youtube.com\/channel\/UCbf_7MVzEaTrZ-Bni9rs0Dw"]},{"@type":"Person","@id":"https:\/\/jmtweb.net.br\/websites\/#\/schema\/person\/13bc85160d846d703ffaea956066d7d9","name":"JMTweb Cria\u00e7\u00e3o de Sites","image":{"@type":"ImageObject","inLanguage":"pt-BR","@id":"https:\/\/jmtweb.net.br\/websites\/#\/schema\/person\/image\/","url":"https:\/\/secure.gravatar.com\/avatar\/0e9f7cd80f8deb722f2121e40418c50a?s=96&d=mm&r=g","contentUrl":"https:\/\/secure.gravatar.com\/avatar\/0e9f7cd80f8deb722f2121e40418c50a?s=96&d=mm&r=g","caption":"JMTweb Cria\u00e7\u00e3o de Sites"},"sameAs":["https:\/\/jmtweb.net.br"],"url":"https:\/\/jmtweb.net.br\/websites\/author\/atendimentojmtweb-net-br\/"}]}},"jetpack_featured_media_url":"https:\/\/i1.wp.com\/jmtweb.net.br\/websites\/wp-content\/uploads\/2020\/01\/iran.jpg?fit=1280%2C720&ssl=1","jetpack_publicize_connections":[],"jetpack_sharing_enabled":true,"jetpack_shortlink":"https:\/\/wp.me\/p9cz9S-hW","jetpack_likes_enabled":true,"jetpack-related-posts":[{"id":376,"url":"https:\/\/jmtweb.net.br\/websites\/facebook-ira-lancar-servico-para-socializar-musica-e-filme\/","url_meta":{"origin":1112,"position":0},"title":"Facebook ir\u00e1 lan\u00e7ar servi\u00e7o para socializar m\u00fasica e filme","date":"21 de setembro de 2011","format":false,"excerpt":"O Facebook dever\u00e1 apresentar na pr\u00f3xima quinta-feira uma nova plataforma de compartilhamento de m\u00eddia que permitir\u00e1 que seus usu\u00e1rios disponibilizem m\u00fasicas, filmes e seriados a seus amigos da rede social, informa o jornal New York Times. A novidade, que dever\u00e1 concorrer com servi\u00e7os como Spotfy e Rhapsody, entre tantos outros,\u2026","rel":"","context":"Em &quot;Facebook&quot;","img":{"alt_text":"","src":"https:\/\/i2.wp.com\/st2.tecnoblog.net\/wp-content\/uploads\/2011\/09\/zuckerberg.jpg?resize=350%2C200","width":350,"height":200},"classes":[]},{"id":400,"url":"https:\/\/jmtweb.net.br\/websites\/ai-ai-ai-virus-infecta-avioes-robos-dos-eua\/","url_meta":{"origin":1112,"position":1},"title":"Ai, ai, ai... V\u00edrus infecta avi\u00f5es-rob\u00f4s dos EUA","date":"10 de outubro de 2011","format":false,"excerpt":"A \u00e1rea de tecnologia da For\u00e7a A\u00e9rea americana encontrou v\u00edrus em v\u00e1rios drones \u2013 avi\u00f5es de guerra que s\u00e3o pilotados por rob\u00f4s. Os v\u00edrus, que infectaram avi\u00f5es que est\u00e3o em opera\u00e7\u00f5es no Iraque e no Afeganist\u00e3o, tinham uma miss\u00e3o: registrar em um arquivo as teclas que eram acionadas pelos pilotos\u2026","rel":"","context":"Em &quot;hospedagem&quot;","img":{"alt_text":"ai, ai, ai...","src":"https:\/\/i0.wp.com\/jmtweb.net.br\/websites\/wp-content\/uploads\/2011\/10\/aiaiai.jpg?resize=350%2C200","width":350,"height":200},"classes":[]},{"id":428,"url":"https:\/\/jmtweb.net.br\/websites\/video-de-fim-de-ano-reune-artistas-que-apoiam-o-megaupload\/","url_meta":{"origin":1112,"position":2},"title":"V\u00eddeo de fim de ano re\u00fane artistas que apoiam o Megaupload","date":"23 de janeiro de 2012","format":false,"excerpt":"O clipe musical \"Mega Song\" foi retirado do ar ap\u00f3s uma acusa\u00e7\u00e3o de viola\u00e7\u00e3o de direitos autorais pela Universal Music e republicado nesta semana. Em um v\u00eddeo de fim de ano, celebridades apoiaram o site de compartilhamento de conte\u00fado Megaupload. O clipe musical chamado Mega Song chegou a ser removido\u2026","rel":"","context":"Em &quot;Noticias&quot;","img":{"alt_text":"","src":"https:\/\/i1.wp.com\/img.youtube.com\/vi\/o0Wvn-9BXVc\/0.jpg?resize=350%2C200","width":350,"height":200},"classes":[]},{"id":69,"url":"https:\/\/jmtweb.net.br\/websites\/a-politica-e-internet\/","url_meta":{"origin":1112,"position":3},"title":"A pol\u00edtica e Internet","date":"8 de junho de 2010","format":false,"excerpt":"Para as pr\u00f3ximas\u00a0elei\u00e7\u00f5es do 2010 o congresso aprovou a reforma eleitoral sem restri\u00e7\u00f5es \u00e0 internet no per\u00edodo de campanhas eleitorais. Os parlamentares aprovaram emenda que libera a atua\u00e7\u00e3o de sites\u00a0jornal\u00edsticos, blogs\u00a0e redes sociais durante as campanhas. H\u00e1 apenas a proibi\u00e7\u00e3o do anonimato aos jornalistas e a garantia de direito de\u2026","rel":"","context":"Em &quot;Politica na Internet&quot;","img":{"alt_text":"","src":"","width":0,"height":0},"classes":[]},{"id":389,"url":"https:\/\/jmtweb.net.br\/websites\/facebook-abre-novo-perfil\/","url_meta":{"origin":1112,"position":4},"title":"Facebook abre novo perfil","date":"25 de setembro de 2011","format":false,"excerpt":"O Timeline, novo modo de exibi\u00e7\u00e3o do perfil dos usu\u00e1rios do Facebook, come\u00e7ar\u00e1 a ser disponibilizado nas pr\u00f3ximas semanas. Mas os usu\u00e1rios mais apressadinhos j\u00e1 podem entrar na fila para serem os primeiros a receber a atualiza\u00e7\u00e3o. Para isso, basta acessar o endere\u00e7o http:\/\/www.facebook.com\/about\/timeline e clicar no bot\u00e3o Sign me\u2026","rel":"","context":"Em &quot;Dicas&quot;","img":{"alt_text":"Facebook abre inscri\u00c3\u00a7\u00c3\u00b5es para novo perfil","src":"https:\/\/i2.wp.com\/jmtweb.net.br\/websites\/wp-content\/uploads\/2011\/09\/timeline.jpg?resize=350%2C200","width":350,"height":200},"classes":[]},{"id":132,"url":"https:\/\/jmtweb.net.br\/websites\/politicos-transformam-internet-em-arma-de-campanha\/","url_meta":{"origin":1112,"position":5},"title":"Pol\u00edticos transformam internet em arma de campanha (2006)","date":"4 de julho de 2010","format":false,"excerpt":"ISSO NO 2006, GRANDE NELSON\u00a0DE S\u00c1 Sem showm\u00edcios, outdoors, cartazes e faixas de rua, camisetas e bon\u00e9s, a campanha eleitoral de 2006 tem os muros e a televis\u00e3o. E a internet. Neste ano eleitoral, no Brasil como nos EUA, \"o c\u00e1lice sagrado\" que os pol\u00edticos buscam \u00e9 como tornar a\u2026","rel":"","context":"Em &quot;Noticias&quot;","img":{"alt_text":"","src":"","width":0,"height":0},"classes":[]}],"_links":{"self":[{"href":"https:\/\/jmtweb.net.br\/websites\/wp-json\/wp\/v2\/posts\/1112"}],"collection":[{"href":"https:\/\/jmtweb.net.br\/websites\/wp-json\/wp\/v2\/posts"}],"about":[{"href":"https:\/\/jmtweb.net.br\/websites\/wp-json\/wp\/v2\/types\/post"}],"author":[{"embeddable":true,"href":"https:\/\/jmtweb.net.br\/websites\/wp-json\/wp\/v2\/users\/1"}],"replies":[{"embeddable":true,"href":"https:\/\/jmtweb.net.br\/websites\/wp-json\/wp\/v2\/comments?post=1112"}],"version-history":[{"count":4,"href":"https:\/\/jmtweb.net.br\/websites\/wp-json\/wp\/v2\/posts\/1112\/revisions"}],"predecessor-version":[{"id":1117,"href":"https:\/\/jmtweb.net.br\/websites\/wp-json\/wp\/v2\/posts\/1112\/revisions\/1117"}],"wp:featuredmedia":[{"embeddable":true,"href":"https:\/\/jmtweb.net.br\/websites\/wp-json\/wp\/v2\/media\/1113"}],"wp:attachment":[{"href":"https:\/\/jmtweb.net.br\/websites\/wp-json\/wp\/v2\/media?parent=1112"}],"wp:term":[{"taxonomy":"category","embeddable":true,"href":"https:\/\/jmtweb.net.br\/websites\/wp-json\/wp\/v2\/categories?post=1112"},{"taxonomy":"post_tag","embeddable":true,"href":"https:\/\/jmtweb.net.br\/websites\/wp-json\/wp\/v2\/tags?post=1112"}],"curies":[{"name":"wp","href":"https:\/\/api.w.org\/{rel}","templated":true}]}}