{"id":1098,"date":"2019-05-11T12:30:47","date_gmt":"2019-05-11T15:30:47","guid":{"rendered":"https:\/\/jmtweb.net.br\/websites\/?p=1098"},"modified":"2019-05-11T12:30:47","modified_gmt":"2019-05-11T15:30:47","slug":"mundial-terceirizacao-de-frota-veiculos-natal","status":"publish","type":"post","link":"https:\/\/jmtweb.net.br\/websites\/mundial-terceirizacao-de-frota-veiculos-natal\/","title":{"rendered":"Mundial terceiriza\u00e7\u00e3o de frota ve\u00edculos leves em Natal | Novo cliente da JMT"},"content":{"rendered":"<p>A <a title=\"Terceiriza\u00e7\u00e3o de frotas em Natal\" href=\"https:\/\/mundialrentacar.com\/\">Mundial locadora de carros<\/a>\u00a0oferece os benef\u00edcios do sistema de terceiriza\u00e7\u00e3o de Frota de Ve\u00edculos leves em Natal e todo o Rio Grande do Norte.<\/p>\n<figure id=\"attachment_1099\" aria-describedby=\"caption-attachment-1099\" style=\"width: 1600px\" class=\"wp-caption aligncenter\"><a href=\"https:\/\/mundialrentacar.com\"><img data-attachment-id=\"1099\" data-permalink=\"https:\/\/jmtweb.net.br\/websites\/mundial-terceirizacao-de-frota-veiculos-natal\/loja_carros\/\" data-orig-file=\"https:\/\/i1.wp.com\/jmtweb.net.br\/websites\/wp-content\/uploads\/2019\/05\/loja_carros.jpg?fit=1600%2C1068&amp;ssl=1\" data-orig-size=\"1600,1068\" data-comments-opened=\"1\" data-image-meta=\"{&quot;aperture&quot;:&quot;0&quot;,&quot;credit&quot;:&quot;&quot;,&quot;camera&quot;:&quot;&quot;,&quot;caption&quot;:&quot;&quot;,&quot;created_timestamp&quot;:&quot;0&quot;,&quot;copyright&quot;:&quot;&quot;,&quot;focal_length&quot;:&quot;0&quot;,&quot;iso&quot;:&quot;0&quot;,&quot;shutter_speed&quot;:&quot;0&quot;,&quot;title&quot;:&quot;&quot;,&quot;orientation&quot;:&quot;0&quot;}\" data-image-title=\"Terceiriza\u00e7\u00e3o de frotas de ve\u00edculos em Natal\" data-image-description=\"&lt;p&gt;Terceiriza\u00e7\u00e3o de frotas de ve\u00edculos em Natal&lt;\/p&gt;\n\" data-medium-file=\"https:\/\/i1.wp.com\/jmtweb.net.br\/websites\/wp-content\/uploads\/2019\/05\/loja_carros.jpg?fit=300%2C200&amp;ssl=1\" data-large-file=\"https:\/\/i1.wp.com\/jmtweb.net.br\/websites\/wp-content\/uploads\/2019\/05\/loja_carros.jpg?fit=525%2C351&amp;ssl=1\" decoding=\"async\" loading=\"lazy\" class=\"size-full wp-image-1099\" src=\"https:\/\/i1.wp.com\/jmtweb.net.br\/websites\/wp-content\/uploads\/2019\/05\/loja_carros.jpg?resize=525%2C350&#038;ssl=1\" alt=\"Terceiriza\u00e7\u00e3o de frotas de ve\u00edculos em Natal\" width=\"525\" height=\"350\" srcset=\"https:\/\/i1.wp.com\/jmtweb.net.br\/websites\/wp-content\/uploads\/2019\/05\/loja_carros.jpg?w=1600&amp;ssl=1 1600w, https:\/\/i1.wp.com\/jmtweb.net.br\/websites\/wp-content\/uploads\/2019\/05\/loja_carros.jpg?resize=300%2C200&amp;ssl=1 300w, https:\/\/i1.wp.com\/jmtweb.net.br\/websites\/wp-content\/uploads\/2019\/05\/loja_carros.jpg?resize=768%2C513&amp;ssl=1 768w, https:\/\/i1.wp.com\/jmtweb.net.br\/websites\/wp-content\/uploads\/2019\/05\/loja_carros.jpg?resize=1024%2C684&amp;ssl=1 1024w\" sizes=\"(max-width: 767px) 89vw, (max-width: 1000px) 54vw, (max-width: 1071px) 543px, 580px\" data-recalc-dims=\"1\" \/><\/a><figcaption id=\"caption-attachment-1099\" class=\"wp-caption-text\">Terceiriza\u00e7\u00e3o de frotas de ve\u00edculos em Natal<\/figcaption><\/figure>\n<p>A mundial locadora Natal atua no Rio Grande do NOrte desde o 2006 e \u00e9 especializada em:<\/p>\n<ul>\n<li style=\"list-style-type: none;\">\n<ul>\n<li><a href=\"https:\/\/mundialrentacar.com\">Aluguel de carros para passeios em Natal<\/a><\/li>\n<li><a href=\"https:\/\/mundialrentacar.com\/tercerizacao-de-frotas.html\">Terceiriza\u00e7\u00e3o de frota para ve\u00edculos leves no Rio Grande do Norte<\/a><\/li>\n<\/ul>\n<\/li>\n<\/ul>\n<p>A frota de ve\u00edculos leves da Mundial Locadora Natal \u00e9 sempre atualizada, com manuten\u00e7\u00f5es constantes e ve\u00edculos substitutos, prote\u00e7\u00e3o contra roubos e furtos e gest\u00e3o de avarias.<\/p>\n<figure id=\"attachment_1100\" aria-describedby=\"caption-attachment-1100\" style=\"width: 1080px\" class=\"wp-caption aligncenter\"><a href=\"https:\/\/mundialrentacar.com\"><img data-attachment-id=\"1100\" data-permalink=\"https:\/\/jmtweb.net.br\/websites\/mundial-terceirizacao-de-frota-veiculos-natal\/aluguel-frotas-carros-1080x608\/\" data-orig-file=\"https:\/\/i2.wp.com\/jmtweb.net.br\/websites\/wp-content\/uploads\/2019\/05\/aluguel-frotas-carros-1080x608.png?fit=1080%2C608&amp;ssl=1\" data-orig-size=\"1080,608\" data-comments-opened=\"1\" data-image-meta=\"{&quot;aperture&quot;:&quot;0&quot;,&quot;credit&quot;:&quot;&quot;,&quot;camera&quot;:&quot;&quot;,&quot;caption&quot;:&quot;&quot;,&quot;created_timestamp&quot;:&quot;0&quot;,&quot;copyright&quot;:&quot;&quot;,&quot;focal_length&quot;:&quot;0&quot;,&quot;iso&quot;:&quot;0&quot;,&quot;shutter_speed&quot;:&quot;0&quot;,&quot;title&quot;:&quot;&quot;,&quot;orientation&quot;:&quot;0&quot;}\" data-image-title=\"A Mundial Ret a Car \u00e9 especializada no segmento de aluguel de ambulancias\" data-image-description=\"&lt;p&gt;A Mundial Ret a Car \u00e9 especializada no segmento de aluguel de ambulancias&lt;\/p&gt;\n\" data-medium-file=\"https:\/\/i2.wp.com\/jmtweb.net.br\/websites\/wp-content\/uploads\/2019\/05\/aluguel-frotas-carros-1080x608.png?fit=300%2C169&amp;ssl=1\" data-large-file=\"https:\/\/i2.wp.com\/jmtweb.net.br\/websites\/wp-content\/uploads\/2019\/05\/aluguel-frotas-carros-1080x608.png?fit=525%2C295&amp;ssl=1\" decoding=\"async\" loading=\"lazy\" class=\"size-full wp-image-1100\" src=\"https:\/\/i2.wp.com\/jmtweb.net.br\/websites\/wp-content\/uploads\/2019\/05\/aluguel-frotas-carros-1080x608.png?resize=525%2C296&#038;ssl=1\" alt=\"A Mundial Ret a Car \u00e9 especializada no segmento de aluguel de ambulancias\" width=\"525\" height=\"296\" srcset=\"https:\/\/i2.wp.com\/jmtweb.net.br\/websites\/wp-content\/uploads\/2019\/05\/aluguel-frotas-carros-1080x608.png?resize=1080%2C608&amp;ssl=1 1080w, https:\/\/i2.wp.com\/jmtweb.net.br\/websites\/wp-content\/uploads\/2019\/05\/aluguel-frotas-carros-1080x608.png?resize=300%2C169&amp;ssl=1 300w, https:\/\/i2.wp.com\/jmtweb.net.br\/websites\/wp-content\/uploads\/2019\/05\/aluguel-frotas-carros-1080x608.png?resize=768%2C432&amp;ssl=1 768w, https:\/\/i2.wp.com\/jmtweb.net.br\/websites\/wp-content\/uploads\/2019\/05\/aluguel-frotas-carros-1080x608.png?resize=1024%2C576&amp;ssl=1 1024w\" sizes=\"(max-width: 767px) 89vw, (max-width: 1000px) 54vw, (max-width: 1071px) 543px, 580px\" data-recalc-dims=\"1\" \/><\/a><figcaption id=\"caption-attachment-1100\" class=\"wp-caption-text\">A Mundial Ret a Car \u00e9 especializada no segmento de aluguel de ambul\u00e1ncias<\/figcaption><\/figure>\n","protected":false},"excerpt":{"rendered":"<p>A Mundial locadora de carros\u00a0oferece os benef\u00edcios do sistema de terceiriza\u00e7\u00e3o de Frota de Ve\u00edculos leves em Natal e todo o Rio Grande do Norte. A mundial locadora Natal atua no Rio Grande do NOrte desde o 2006 e \u00e9 especializada em: Aluguel de carros para passeios em Natal Terceiriza\u00e7\u00e3o de frota para ve\u00edculos leves &hellip; <\/p>\n<p class=\"link-more\"><a href=\"https:\/\/jmtweb.net.br\/websites\/mundial-terceirizacao-de-frota-veiculos-natal\/\" class=\"more-link\">Continue lendo<span class=\"screen-reader-text\"> &#8220;Mundial terceiriza\u00e7\u00e3o de frota ve\u00edculos leves em Natal | Novo cliente da JMT&#8221;<\/span><\/a><\/p>\n","protected":false},"author":1,"featured_media":1101,"comment_status":"open","ping_status":"open","sticky":false,"template":"","format":"standard","meta":{"spay_email":"","jetpack_publicize_message":"","jetpack_is_tweetstorm":false},"categories":[4,15,16],"tags":[221,121,186],"yoast_head":"<!-- This site is optimized with the Yoast SEO plugin v20.1 - https:\/\/yoast.com\/wordpress\/plugins\/seo\/ -->\r\n<title>Mundial terceiriza\u00e7\u00e3o de frota ve\u00edculos leves em Natal | Novo cliente da JMT | JMT Cria\u00e7\u00e3o de Sites<\/title>\r\n<meta name=\"robots\" content=\"index, follow, max-snippet:-1, max-image-preview:large, max-video-preview:-1\" \/>\r\n<link rel=\"canonical\" href=\"https:\/\/jmtweb.net.br\/websites\/mundial-terceirizacao-de-frota-veiculos-natal\/\" \/>\r\n<meta property=\"og:locale\" content=\"pt_BR\" \/>\r\n<meta property=\"og:type\" content=\"article\" \/>\r\n<meta property=\"og:title\" content=\"Mundial terceiriza\u00e7\u00e3o de frota ve\u00edculos leves em Natal | Novo cliente da JMT | JMT Cria\u00e7\u00e3o de Sites\" \/>\r\n<meta property=\"og:description\" content=\"A Mundial locadora de carros\u00a0oferece os benef\u00edcios do sistema de terceiriza\u00e7\u00e3o de Frota de Ve\u00edculos leves em Natal e todo o Rio Grande do Norte. A mundial locadora Natal atua no Rio Grande do NOrte desde o 2006 e \u00e9 especializada em: Aluguel de carros para passeios em Natal Terceiriza\u00e7\u00e3o de frota para ve\u00edculos leves &hellip; Continue lendo &quot;Mundial terceiriza\u00e7\u00e3o de frota ve\u00edculos leves em Natal | Novo cliente da JMT&quot;\" \/>\r\n<meta property=\"og:url\" content=\"https:\/\/jmtweb.net.br\/websites\/mundial-terceirizacao-de-frota-veiculos-natal\/\" \/>\r\n<meta property=\"og:site_name\" content=\"JMT Cria\u00e7\u00e3o de Sites\" \/>\r\n<meta property=\"article:publisher\" content=\"https:\/\/www.facebook.com\/JMTWebsolutions\/\" \/>\r\n<meta property=\"article:published_time\" content=\"2019-05-11T15:30:47+00:00\" \/>\r\n<meta property=\"og:image\" content=\"https:\/\/i2.wp.com\/jmtweb.net.br\/websites\/wp-content\/uploads\/2019\/05\/loja_pickup.jpg?fit=1600%2C1095&ssl=1\" \/>\r\n\t<meta property=\"og:image:width\" content=\"1600\" \/>\r\n\t<meta property=\"og:image:height\" content=\"1095\" \/>\r\n\t<meta property=\"og:image:type\" content=\"image\/jpeg\" \/>\r\n<meta name=\"author\" content=\"JMTweb Cria\u00e7\u00e3o de Sites\" \/>\r\n<meta name=\"twitter:card\" content=\"summary_large_image\" \/>\r\n<meta name=\"twitter:creator\" content=\"@jmtwebsolutions\" \/>\r\n<meta name=\"twitter:site\" content=\"@jmtwebsolutions\" \/>\r\n<meta name=\"twitter:label1\" content=\"Escrito por\" \/>\n\t<meta name=\"twitter:data1\" content=\"JMTweb Cria\u00e7\u00e3o de Sites\" \/>\n\t<meta name=\"twitter:label2\" content=\"Est. tempo de leitura\" \/>\n\t<meta name=\"twitter:data2\" content=\"1 minuto\" \/>\r\n<script type=\"application\/ld+json\" class=\"yoast-schema-graph\">{\"@context\":\"https:\/\/schema.org\",\"@graph\":[{\"@type\":\"Article\",\"@id\":\"https:\/\/jmtweb.net.br\/websites\/mundial-terceirizacao-de-frota-veiculos-natal\/#article\",\"isPartOf\":{\"@id\":\"https:\/\/jmtweb.net.br\/websites\/mundial-terceirizacao-de-frota-veiculos-natal\/\"},\"author\":{\"name\":\"JMTweb Cria\u00e7\u00e3o de Sites\",\"@id\":\"https:\/\/jmtweb.net.br\/websites\/#\/schema\/person\/13bc85160d846d703ffaea956066d7d9\"},\"headline\":\"Mundial terceiriza\u00e7\u00e3o de frota ve\u00edculos leves em Natal | Novo cliente da JMT\",\"datePublished\":\"2019-05-11T15:30:47+00:00\",\"dateModified\":\"2019-05-11T15:30:47+00:00\",\"mainEntityOfPage\":{\"@id\":\"https:\/\/jmtweb.net.br\/websites\/mundial-terceirizacao-de-frota-veiculos-natal\/\"},\"wordCount\":145,\"commentCount\":0,\"publisher\":{\"@id\":\"https:\/\/jmtweb.net.br\/websites\/#organization\"},\"keywords\":[\"novo site\",\"p\u00e1gina web\",\"web site\"],\"articleSection\":[\"Clientes\",\"novo site\",\"P\u00e1ginas WEB\"],\"inLanguage\":\"pt-BR\",\"potentialAction\":[{\"@type\":\"CommentAction\",\"name\":\"Comment\",\"target\":[\"https:\/\/jmtweb.net.br\/websites\/mundial-terceirizacao-de-frota-veiculos-natal\/#respond\"]}]},{\"@type\":\"WebPage\",\"@id\":\"https:\/\/jmtweb.net.br\/websites\/mundial-terceirizacao-de-frota-veiculos-natal\/\",\"url\":\"https:\/\/jmtweb.net.br\/websites\/mundial-terceirizacao-de-frota-veiculos-natal\/\",\"name\":\"Mundial terceiriza\u00e7\u00e3o de frota ve\u00edculos leves em Natal | Novo cliente da JMT | JMT Cria\u00e7\u00e3o de Sites\",\"isPartOf\":{\"@id\":\"https:\/\/jmtweb.net.br\/websites\/#website\"},\"datePublished\":\"2019-05-11T15:30:47+00:00\",\"dateModified\":\"2019-05-11T15:30:47+00:00\",\"breadcrumb\":{\"@id\":\"https:\/\/jmtweb.net.br\/websites\/mundial-terceirizacao-de-frota-veiculos-natal\/#breadcrumb\"},\"inLanguage\":\"pt-BR\",\"potentialAction\":[{\"@type\":\"ReadAction\",\"target\":[\"https:\/\/jmtweb.net.br\/websites\/mundial-terceirizacao-de-frota-veiculos-natal\/\"]}]},{\"@type\":\"BreadcrumbList\",\"@id\":\"https:\/\/jmtweb.net.br\/websites\/mundial-terceirizacao-de-frota-veiculos-natal\/#breadcrumb\",\"itemListElement\":[{\"@type\":\"ListItem\",\"position\":1,\"name\":\"Home\",\"item\":\"https:\/\/jmtweb.net.br\/websites\/\"},{\"@type\":\"ListItem\",\"position\":2,\"name\":\"Mundial terceiriza\u00e7\u00e3o de frota ve\u00edculos leves em Natal | Novo cliente da JMT\"}]},{\"@type\":\"WebSite\",\"@id\":\"https:\/\/jmtweb.net.br\/websites\/#website\",\"url\":\"https:\/\/jmtweb.net.br\/websites\/\",\"name\":\"JMT Cria\u00e7\u00e3o de Sites\",\"description\":\"Desenvolvimento de sistemas web\",\"publisher\":{\"@id\":\"https:\/\/jmtweb.net.br\/websites\/#organization\"},\"potentialAction\":[{\"@type\":\"SearchAction\",\"target\":{\"@type\":\"EntryPoint\",\"urlTemplate\":\"https:\/\/jmtweb.net.br\/websites\/?s={search_term_string}\"},\"query-input\":\"required name=search_term_string\"}],\"inLanguage\":\"pt-BR\"},{\"@type\":\"Organization\",\"@id\":\"https:\/\/jmtweb.net.br\/websites\/#organization\",\"name\":\"JMT Cria\u00e7\u00e3o de Sites\",\"url\":\"https:\/\/jmtweb.net.br\/websites\/\",\"logo\":{\"@type\":\"ImageObject\",\"inLanguage\":\"pt-BR\",\"@id\":\"https:\/\/jmtweb.net.br\/websites\/#\/schema\/logo\/image\/\",\"url\":\"https:\/\/i0.wp.com\/jmtweb.net.br\/websites\/wp-content\/uploads\/2017\/06\/logo.png?fit=500%2C500&ssl=1\",\"contentUrl\":\"https:\/\/i0.wp.com\/jmtweb.net.br\/websites\/wp-content\/uploads\/2017\/06\/logo.png?fit=500%2C500&ssl=1\",\"width\":500,\"height\":500,\"caption\":\"JMT Cria\u00e7\u00e3o de Sites\"},\"image\":{\"@id\":\"https:\/\/jmtweb.net.br\/websites\/#\/schema\/logo\/image\/\"},\"sameAs\":[\"https:\/\/www.facebook.com\/JMTWebsolutions\/\",\"https:\/\/twitter.com\/jmtwebsolutions\",\"https:\/\/www.linkedin.com\/company\/jmt-web-solutions\",\"https:\/\/www.youtube.com\/channel\/UCbf_7MVzEaTrZ-Bni9rs0Dw\"]},{\"@type\":\"Person\",\"@id\":\"https:\/\/jmtweb.net.br\/websites\/#\/schema\/person\/13bc85160d846d703ffaea956066d7d9\",\"name\":\"JMTweb Cria\u00e7\u00e3o de Sites\",\"image\":{\"@type\":\"ImageObject\",\"inLanguage\":\"pt-BR\",\"@id\":\"https:\/\/jmtweb.net.br\/websites\/#\/schema\/person\/image\/\",\"url\":\"https:\/\/secure.gravatar.com\/avatar\/0e9f7cd80f8deb722f2121e40418c50a?s=96&d=mm&r=g\",\"contentUrl\":\"https:\/\/secure.gravatar.com\/avatar\/0e9f7cd80f8deb722f2121e40418c50a?s=96&d=mm&r=g\",\"caption\":\"JMTweb Cria\u00e7\u00e3o de Sites\"},\"sameAs\":[\"https:\/\/jmtweb.net.br\"],\"url\":\"https:\/\/jmtweb.net.br\/websites\/author\/atendimentojmtweb-net-br\/\"}]}<\/script>\r\n<!-- \/ Yoast SEO plugin. -->","yoast_head_json":{"title":"Mundial terceiriza\u00e7\u00e3o de frota ve\u00edculos leves em Natal | Novo cliente da JMT | JMT Cria\u00e7\u00e3o de Sites","robots":{"index":"index","follow":"follow","max-snippet":"max-snippet:-1","max-image-preview":"max-image-preview:large","max-video-preview":"max-video-preview:-1"},"canonical":"https:\/\/jmtweb.net.br\/websites\/mundial-terceirizacao-de-frota-veiculos-natal\/","og_locale":"pt_BR","og_type":"article","og_title":"Mundial terceiriza\u00e7\u00e3o de frota ve\u00edculos leves em Natal | Novo cliente da JMT | JMT Cria\u00e7\u00e3o de Sites","og_description":"A Mundial locadora de carros\u00a0oferece os benef\u00edcios do sistema de terceiriza\u00e7\u00e3o de Frota de Ve\u00edculos leves em Natal e todo o Rio Grande do Norte. A mundial locadora Natal atua no Rio Grande do NOrte desde o 2006 e \u00e9 especializada em: Aluguel de carros para passeios em Natal Terceiriza\u00e7\u00e3o de frota para ve\u00edculos leves &hellip; Continue lendo \"Mundial terceiriza\u00e7\u00e3o de frota ve\u00edculos leves em Natal | Novo cliente da JMT\"","og_url":"https:\/\/jmtweb.net.br\/websites\/mundial-terceirizacao-de-frota-veiculos-natal\/","og_site_name":"JMT Cria\u00e7\u00e3o de Sites","article_publisher":"https:\/\/www.facebook.com\/JMTWebsolutions\/","article_published_time":"2019-05-11T15:30:47+00:00","og_image":[{"width":1600,"height":1095,"url":"https:\/\/i2.wp.com\/jmtweb.net.br\/websites\/wp-content\/uploads\/2019\/05\/loja_pickup.jpg?fit=1600%2C1095&ssl=1","type":"image\/jpeg"}],"author":"JMTweb Cria\u00e7\u00e3o de Sites","twitter_card":"summary_large_image","twitter_creator":"@jmtwebsolutions","twitter_site":"@jmtwebsolutions","twitter_misc":{"Escrito por":"JMTweb Cria\u00e7\u00e3o de Sites","Est. tempo de leitura":"1 minuto"},"schema":{"@context":"https:\/\/schema.org","@graph":[{"@type":"Article","@id":"https:\/\/jmtweb.net.br\/websites\/mundial-terceirizacao-de-frota-veiculos-natal\/#article","isPartOf":{"@id":"https:\/\/jmtweb.net.br\/websites\/mundial-terceirizacao-de-frota-veiculos-natal\/"},"author":{"name":"JMTweb Cria\u00e7\u00e3o de Sites","@id":"https:\/\/jmtweb.net.br\/websites\/#\/schema\/person\/13bc85160d846d703ffaea956066d7d9"},"headline":"Mundial terceiriza\u00e7\u00e3o de frota ve\u00edculos leves em Natal | Novo cliente da JMT","datePublished":"2019-05-11T15:30:47+00:00","dateModified":"2019-05-11T15:30:47+00:00","mainEntityOfPage":{"@id":"https:\/\/jmtweb.net.br\/websites\/mundial-terceirizacao-de-frota-veiculos-natal\/"},"wordCount":145,"commentCount":0,"publisher":{"@id":"https:\/\/jmtweb.net.br\/websites\/#organization"},"keywords":["novo site","p\u00e1gina web","web site"],"articleSection":["Clientes","novo site","P\u00e1ginas WEB"],"inLanguage":"pt-BR","potentialAction":[{"@type":"CommentAction","name":"Comment","target":["https:\/\/jmtweb.net.br\/websites\/mundial-terceirizacao-de-frota-veiculos-natal\/#respond"]}]},{"@type":"WebPage","@id":"https:\/\/jmtweb.net.br\/websites\/mundial-terceirizacao-de-frota-veiculos-natal\/","url":"https:\/\/jmtweb.net.br\/websites\/mundial-terceirizacao-de-frota-veiculos-natal\/","name":"Mundial terceiriza\u00e7\u00e3o de frota ve\u00edculos leves em Natal | Novo cliente da JMT | JMT Cria\u00e7\u00e3o de Sites","isPartOf":{"@id":"https:\/\/jmtweb.net.br\/websites\/#website"},"datePublished":"2019-05-11T15:30:47+00:00","dateModified":"2019-05-11T15:30:47+00:00","breadcrumb":{"@id":"https:\/\/jmtweb.net.br\/websites\/mundial-terceirizacao-de-frota-veiculos-natal\/#breadcrumb"},"inLanguage":"pt-BR","potentialAction":[{"@type":"ReadAction","target":["https:\/\/jmtweb.net.br\/websites\/mundial-terceirizacao-de-frota-veiculos-natal\/"]}]},{"@type":"BreadcrumbList","@id":"https:\/\/jmtweb.net.br\/websites\/mundial-terceirizacao-de-frota-veiculos-natal\/#breadcrumb","itemListElement":[{"@type":"ListItem","position":1,"name":"Home","item":"https:\/\/jmtweb.net.br\/websites\/"},{"@type":"ListItem","position":2,"name":"Mundial terceiriza\u00e7\u00e3o de frota ve\u00edculos leves em Natal | Novo cliente da JMT"}]},{"@type":"WebSite","@id":"https:\/\/jmtweb.net.br\/websites\/#website","url":"https:\/\/jmtweb.net.br\/websites\/","name":"JMT Cria\u00e7\u00e3o de Sites","description":"Desenvolvimento de sistemas web","publisher":{"@id":"https:\/\/jmtweb.net.br\/websites\/#organization"},"potentialAction":[{"@type":"SearchAction","target":{"@type":"EntryPoint","urlTemplate":"https:\/\/jmtweb.net.br\/websites\/?s={search_term_string}"},"query-input":"required name=search_term_string"}],"inLanguage":"pt-BR"},{"@type":"Organization","@id":"https:\/\/jmtweb.net.br\/websites\/#organization","name":"JMT Cria\u00e7\u00e3o de Sites","url":"https:\/\/jmtweb.net.br\/websites\/","logo":{"@type":"ImageObject","inLanguage":"pt-BR","@id":"https:\/\/jmtweb.net.br\/websites\/#\/schema\/logo\/image\/","url":"https:\/\/i0.wp.com\/jmtweb.net.br\/websites\/wp-content\/uploads\/2017\/06\/logo.png?fit=500%2C500&ssl=1","contentUrl":"https:\/\/i0.wp.com\/jmtweb.net.br\/websites\/wp-content\/uploads\/2017\/06\/logo.png?fit=500%2C500&ssl=1","width":500,"height":500,"caption":"JMT Cria\u00e7\u00e3o de Sites"},"image":{"@id":"https:\/\/jmtweb.net.br\/websites\/#\/schema\/logo\/image\/"},"sameAs":["https:\/\/www.facebook.com\/JMTWebsolutions\/","https:\/\/twitter.com\/jmtwebsolutions","https:\/\/www.linkedin.com\/company\/jmt-web-solutions","https:\/\/www.youtube.com\/channel\/UCbf_7MVzEaTrZ-Bni9rs0Dw"]},{"@type":"Person","@id":"https:\/\/jmtweb.net.br\/websites\/#\/schema\/person\/13bc85160d846d703ffaea956066d7d9","name":"JMTweb Cria\u00e7\u00e3o de Sites","image":{"@type":"ImageObject","inLanguage":"pt-BR","@id":"https:\/\/jmtweb.net.br\/websites\/#\/schema\/person\/image\/","url":"https:\/\/secure.gravatar.com\/avatar\/0e9f7cd80f8deb722f2121e40418c50a?s=96&d=mm&r=g","contentUrl":"https:\/\/secure.gravatar.com\/avatar\/0e9f7cd80f8deb722f2121e40418c50a?s=96&d=mm&r=g","caption":"JMTweb Cria\u00e7\u00e3o de Sites"},"sameAs":["https:\/\/jmtweb.net.br"],"url":"https:\/\/jmtweb.net.br\/websites\/author\/atendimentojmtweb-net-br\/"}]}},"jetpack_featured_media_url":"https:\/\/i2.wp.com\/jmtweb.net.br\/websites\/wp-content\/uploads\/2019\/05\/loja_pickup.jpg?fit=1600%2C1095&ssl=1","jetpack_publicize_connections":[],"jetpack_sharing_enabled":true,"jetpack_shortlink":"https:\/\/wp.me\/p9cz9S-hI","jetpack_likes_enabled":true,"jetpack-related-posts":[{"id":1142,"url":"https:\/\/jmtweb.net.br\/websites\/jhsk8_br-representando-skate-potiguar\/","url_meta":{"origin":1098,"position":0},"title":"Atleta mirim do skate JHSK8, representando o skate potiguar","date":"25 de mar\u00e7o de 2022","format":false,"excerpt":"Jo\u00e3o Henrique ficou terceiro no campeonato interestadual King of Skate Nordeste, representando o skate potiguar. A comunidade de skatistas do Rio Grande do Norte est\u00e1 vendo surgir um novo atleta, Jo\u00e3o Henrique, um garoto de 10 anos de idade que, com apenas 8 meses andando de skate, j\u00e1 conquistou seu\u2026","rel":"","context":"Em &quot;Redes Sociais&quot;","img":{"alt_text":"Jo\u00e3o Henrique ficou terceiro no campeonato interestadual King of Skate Nordeste","src":"https:\/\/i0.wp.com\/jmtweb.net.br\/websites\/wp-content\/uploads\/2022\/03\/capa-video.jpg?fit=1200%2C900&ssl=1&resize=350%2C200","width":350,"height":200},"classes":[]},{"id":977,"url":"https:\/\/jmtweb.net.br\/websites\/novo-cliente-da-jmtweb-alisios-om\/","url_meta":{"origin":1098,"position":1},"title":"Novo cliente da JMTweb: Alisios O&M","date":"24 de fevereiro de 2017","format":false,"excerpt":"JMTweb apresenta seu novo cliente, a empresa do ramo de manuten\u00e7\u00e3o de torres e\u00f3licas, a Alisios O&M. Atualmente localizada em Natal, no Rio Grande do Norte a Alisios trabalha no ramo de manuten\u00e7\u00e3o, mantimento, comissionamento, inspe\u00e7\u00e3o e supervis\u00e3o de torres e\u00f3licas. Prestamos o servi\u00e7o de cria\u00e7\u00e3o de novo site para\u2026","rel":"","context":"Em &quot;Clientes&quot;","img":{"alt_text":"Alisios O&M","src":"https:\/\/i0.wp.com\/jmtweb.net.br\/websites\/wp-content\/uploads\/2017\/02\/captura-de-tela-2017-02-24-acc80s-19-07-16.png?fit=1200%2C808&ssl=1&resize=350%2C200","width":350,"height":200},"classes":[]},{"id":727,"url":"https:\/\/jmtweb.net.br\/websites\/casa-temporada-natal-novo-site-da-jmt\/","url_meta":{"origin":1098,"position":2},"title":"Casa temporada Natal. Novo site da JMT","date":"4 de fevereiro de 2014","format":false,"excerpt":"Casa BELEZA, Casa temporada em Natal\u00a0\u00e9 o mais novo site da JMT. O site foi integrado no sistema multiblogs wp, e publicado em 5 idiomas. Um site din\u00e1mico e efetivo, preparado para aparecer \u00a0no Google e redes sociais. Redes sociais: Twitter - Casa BELEZA, casa temporada Natal Facebook - Casa\u2026","rel":"","context":"Em &quot;Clientes&quot;","img":{"alt_text":"Casa BELEZA. Casa temporada Natal","src":"https:\/\/i1.wp.com\/jmtweb.net.br\/websites\/wp-content\/uploads\/2014\/02\/travel-brasil.jpg?resize=350%2C200","width":350,"height":200},"classes":[]},{"id":703,"url":"https:\/\/jmtweb.net.br\/websites\/site-para-venda-hotel-fazenda-em-natal\/","url_meta":{"origin":1098,"position":3},"title":"Site para venda. Hotel Fazenda em Natal","date":"26 de outubro de 2013","format":false,"excerpt":"Wordpress para venda de Hotel Fazenda em Natal","rel":"","context":"Em &quot;Clientes&quot;","img":{"alt_text":"Hotel Fazenda em natal","src":"https:\/\/i1.wp.com\/jmtweb.net.br\/websites\/wp-content\/uploads\/2013\/10\/hotel_fazenda.jpg?resize=350%2C200","width":350,"height":200},"classes":[]},{"id":811,"url":"https:\/\/jmtweb.net.br\/websites\/novo-site-da-jmt\/","url_meta":{"origin":1098,"position":4},"title":"Novo site da JMT","date":"27 de outubro de 2014","format":false,"excerpt":"Mais um site feito em Wordpress pela JMT. Tema\u00a0Colorlib. Dino Buggy | Passeios de Buggy em Natal Projeto com inclus\u00e3o em redes sociais: Dino Buggy no Facebook Dino Buggy no Twitter Dino Buggy no Google Plus","rel":"","context":"Em &quot;Clientes&quot;","img":{"alt_text":"Dino Buggy passeios em Natal","src":"https:\/\/i1.wp.com\/jmtweb.net.br\/websites\/wp-content\/uploads\/2014\/10\/dinobuggy.jpg?resize=350%2C200","width":350,"height":200},"classes":[]},{"id":1161,"url":"https:\/\/jmtweb.net.br\/websites\/escola-de-skate-em-natal-ilzeli-confessor-skate-para-toda-a-familia\/","url_meta":{"origin":1098,"position":5},"title":"Escola de Skate em Natal Ilzeli Confessor | Skate para toda a fam\u00edlia!","date":"14 de abril de 2022","format":false,"excerpt":"Novo projeto da JMT, visando potenciar as jovens promessas do skate potiguar, a Escola de Skate Ilzeli Confesor. A escola de skate doutrina aulas de skate todas as quartas, quintas e sextas na pra\u00e7a do disco voador. Junto com nosso instrutor profissional, Ilzeli Confessor, aprenderemos os valores que este esporte\u2026","rel":"","context":"Em &quot;hospedagem&quot;","img":{"alt_text":"Escola Skate Ilzeli Confessor | Aulas de Skate em Natal","src":"https:\/\/i0.wp.com\/jmtweb.net.br\/websites\/wp-content\/uploads\/2022\/04\/Ilzeli-na-rampa-2.jpg?fit=720%2C720&ssl=1&resize=350%2C200","width":350,"height":200},"classes":[]}],"_links":{"self":[{"href":"https:\/\/jmtweb.net.br\/websites\/wp-json\/wp\/v2\/posts\/1098"}],"collection":[{"href":"https:\/\/jmtweb.net.br\/websites\/wp-json\/wp\/v2\/posts"}],"about":[{"href":"https:\/\/jmtweb.net.br\/websites\/wp-json\/wp\/v2\/types\/post"}],"author":[{"embeddable":true,"href":"https:\/\/jmtweb.net.br\/websites\/wp-json\/wp\/v2\/users\/1"}],"replies":[{"embeddable":true,"href":"https:\/\/jmtweb.net.br\/websites\/wp-json\/wp\/v2\/comments?post=1098"}],"version-history":[{"count":1,"href":"https:\/\/jmtweb.net.br\/websites\/wp-json\/wp\/v2\/posts\/1098\/revisions"}],"predecessor-version":[{"id":1102,"href":"https:\/\/jmtweb.net.br\/websites\/wp-json\/wp\/v2\/posts\/1098\/revisions\/1102"}],"wp:featuredmedia":[{"embeddable":true,"href":"https:\/\/jmtweb.net.br\/websites\/wp-json\/wp\/v2\/media\/1101"}],"wp:attachment":[{"href":"https:\/\/jmtweb.net.br\/websites\/wp-json\/wp\/v2\/media?parent=1098"}],"wp:term":[{"taxonomy":"category","embeddable":true,"href":"https:\/\/jmtweb.net.br\/websites\/wp-json\/wp\/v2\/categories?post=1098"},{"taxonomy":"post_tag","embeddable":true,"href":"https:\/\/jmtweb.net.br\/websites\/wp-json\/wp\/v2\/tags?post=1098"}],"curies":[{"name":"wp","href":"https:\/\/api.w.org\/{rel}","templated":true}]}}